{"id":1000,"date":"2019-03-05T08:57:22","date_gmt":"2019-03-05T07:57:22","guid":{"rendered":"http:\/\/blogs.jesuitinaspamplona.org\/deportes\/?p=1000"},"modified":"2019-03-08T11:07:46","modified_gmt":"2019-03-08T10:07:46","slug":"abierto-plazo-de-inscripcion-para-el-campus-multiactividad-de-semana-santa-y-verano-2019","status":"publish","type":"post","link":"http:\/\/blogs.jesuitinaspamplona.org\/deportes\/abierto-plazo-de-inscripcion-para-el-campus-multiactividad-de-semana-santa-y-verano-2019\/","title":{"rendered":"ABIERTO PLAZO DE INSCRIPCI\u00d3N PARA EL CAMPUS MULTIACTIVIDAD DE SEMANA SANTA Y VERANO 2019"},"content":{"rendered":"<p><span style=\"font-weight: 400\">A continuaci\u00f3n os detallamos la informaci\u00f3n de <\/span><b>dos<\/b> <b>actividades<\/b> <b>nuevas<\/b><span style=\"font-weight: 400\"> que oferta el colegio dirigidas a <\/span><b>alumnos\/as<\/b><span style=\"font-weight: 400\"> de <\/span><b>2\u00ba de infantil a 6\u00ba de primaria<\/b><span style=\"font-weight: 400\">, tanto del centro como fuera de \u00e9l (as\u00ed podr\u00e1n participar amigos o conocidos de nuestros alumnos que estudian en otros centros escolares).<\/span><\/p>\n<p><span style=\"font-weight: 400\">La <\/span><b>coordinaci\u00f3n<\/b> <b>deportiva<\/b><span style=\"font-weight: 400\"> del colegio, de la mano de la <\/span><b>APYMA<\/b><span style=\"font-weight: 400\"> y de la empresa de gesti\u00f3n deportiva <\/span><b>Sportmadness<\/b><span style=\"font-weight: 400\">, ofrecen <\/span><b>dos nuevos Campus Multiactividad <\/b><span style=\"font-weight: 400\">que se llevar\u00e1n a cabo en <\/span><b>Semana<\/b> <b>Santa<\/b><span style=\"font-weight: 400\"> (23-26 de abril, <\/span><b>4 d\u00edas<\/b><span style=\"font-weight: 400\">) y en <\/span><b>Verano<\/b><span style=\"font-weight: 400\"> (20, 21, 24, 25, 26, 27 y 28, <\/span><b>7 d\u00edas<\/b><span style=\"font-weight: 400\">). Siempre en <\/span><b>horario<\/b> <b>matinal<\/b><span style=\"font-weight: 400\"> (9:00h a 13:30h).<\/span><\/p>\n<p><b>Con esta oferta pretendemos<\/b><span style=\"font-weight: 400\"> reforzar dos puntos que nos parecen importantes: <\/span><\/p>\n<ul>\n<li style=\"font-weight: 400\"><span style=\"font-weight: 400\">Ampliar la oferta deportiva en el colegio, permitiendo as\u00ed <\/span><b>aumentar<\/b><span style=\"font-weight: 400\"> la <\/span><b>actividad<\/b> <b>f\u00edsica<\/b><span style=\"font-weight: 400\"> de nuestros alumnos.<\/span><\/li>\n<li style=\"font-weight: 400\"><b>Dar<\/b> <b>servicio<\/b><span style=\"font-weight: 400\"> a las <\/span><b>familias<\/b><span style=\"font-weight: 400\"> en fechas laborales donde la <\/span><b>conciliaci\u00f3n<\/b> <b>familiar<\/b><span style=\"font-weight: 400\"> suele son dif\u00edcil.<\/span><\/li>\n<\/ul>\n<p><b>\u00a1Diversi\u00f3n, deporte y valores de la mano de grandes profesionales de la educaci\u00f3n y del deporte!<\/b><span style=\"font-weight: 400\"> Se desarrollar\u00e1n <\/span><b>actividades <\/b><span style=\"font-weight: 400\">deportivas de diferente \u00edndole <\/span><b>ajustadas a la edad de los participantes<\/b><span style=\"font-weight: 400\">. Habr\u00e1<\/span><b> tres modalidades: 4-6 a\u00f1os, 7-9 a\u00f1os y 10-12 a\u00f1os<\/b><span style=\"font-weight: 400\">.<\/span><\/p>\n<p><b>EL CAMPUS INCLUYE<\/b><b><\/b><\/p>\n<ul>\n<li style=\"font-weight: 400\"><b>Profesionales<\/b><span style=\"font-weight: 400\"> de la educaci\u00f3n f\u00edsica y del deporte.<\/span><\/li>\n<li style=\"font-weight: 400\"><span style=\"font-weight: 400\">Una <\/span><b>camiseta<\/b><span style=\"font-weight: 400\"> exclusiva del Campus.<\/span><\/li>\n<li style=\"font-weight: 400\"><b>Fotos<\/b><span style=\"font-weight: 400\"> de la actividad todos los d\u00edas. <\/span><\/li>\n<\/ul>\n<p><b>PRECIOS<\/b><\/p>\n<ul>\n<li style=\"list-style-type: none\">\n<ul>\n<li style=\"font-weight: 400\"><b>Cuota general Semana Santa <\/b><span style=\"font-weight: 400\">(23-26 de abril, <\/span><b>4 d\u00edas<\/b><span style=\"font-weight: 400\">)<\/span><b>:<\/b> <b>65\u20ac<\/b><span style=\"font-weight: 400\"> (16,25\u20ac\/d\u00eda)<\/span><\/li>\n<li style=\"font-weight: 400\"><b>Cuota general Verano<\/b><span style=\"font-weight: 400\"> (20, 21, 24, 25, 26, 27 y 28, <\/span><b>7 d\u00edas<\/b><span style=\"font-weight: 400\">): <\/span><b>112\u20ac <\/b><span style=\"font-weight: 400\">(16\u20ac\/d\u00eda)<\/span><\/li>\n<li style=\"font-weight: 400\"><b>Cuota Semana Santa + Verano <\/b><span style=\"font-weight: 400\">(incluye ambos Campus): <\/span><b>149\u20ac <\/b><span style=\"font-weight: 400\">(13,5\u20ac\/d\u00eda)<\/span><\/li>\n<\/ul>\n<\/li>\n<\/ul>\n<p><b>*Descuentos especiales si se apuntan dos o m\u00e1s hermanos<\/b><\/p>\n<p><b>\u00a1AP\u00daNTATE YA, PLAZAS LIMITADAS!<\/b><\/p>\n<p><b>Inscr\u00edbete<\/b><span style=\"font-weight: 400\"> a trav\u00e9s de el siguiente <\/span><b>enlace<\/b><span style=\"font-weight: 400\">: <\/span><\/p>\n<ul>\n<li style=\"font-weight: 400\"><a href=\"https:\/\/play.sport-madness.com\/product\/campus-multiactividad-jesuitinas-2019\/\"><span style=\"font-weight: 400\">https:\/\/play.sport-madness.com\/product\/campus-multiactividad-jesuitinas-2019\/<\/span><\/a><\/li>\n<\/ul>\n<p><b>Inf\u00f3rmate<\/b><span style=\"font-weight: 400\"> a trav\u00e9s del siguiente correo electr\u00f3nico: <\/span><a href=\"mailto:arantxa@sport-madness.es\"><b>arantxa@sport-madness.es<\/b><\/a><span style=\"font-weight: 400\"> o llamando al: <\/span><b>659 18 94 20 <\/b><span style=\"font-weight: 400\">(Arantxa)<\/span><\/p>\n<p><b>\u00a1TE ESPERAMOS!<\/b><\/p>\n","protected":false},"excerpt":{"rendered":"<p>A continuaci\u00f3n os detallamos la informaci\u00f3n de dos actividades nuevas que oferta el colegio dirigidas a alumnos\/as de 2\u00ba de infantil a 6\u00ba de primaria, tanto del centro como fuera de \u00e9l (as\u00ed podr\u00e1n participar amigos o conocidos de nuestros alumnos que estudian en otros centros escolares). La coordinaci\u00f3n deportiva del colegio, de la mano &#8230; <a title=\"ABIERTO PLAZO DE INSCRIPCI\u00d3N PARA EL CAMPUS MULTIACTIVIDAD DE SEMANA SANTA Y VERANO 2019\" class=\"read-more\" href=\"http:\/\/blogs.jesuitinaspamplona.org\/deportes\/abierto-plazo-de-inscripcion-para-el-campus-multiactividad-de-semana-santa-y-verano-2019\/\" aria-label=\"M\u00e1s en ABIERTO PLAZO DE INSCRIPCI\u00d3N PARA EL CAMPUS MULTIACTIVIDAD DE SEMANA SANTA Y VERANO 2019\">Leer m\u00e1s<\/a><\/p>\n","protected":false},"author":16,"featured_media":1025,"comment_status":"open","ping_status":"open","sticky":false,"template":"","format":"standard","meta":{"_monsterinsights_skip_tracking":false,"_monsterinsights_sitenote_active":false,"_monsterinsights_sitenote_note":"","_monsterinsights_sitenote_category":0},"categories":[1],"tags":[],"yoast_head":"<!-- This site is optimized with the Yoast SEO plugin v17.8 - https:\/\/yoast.com\/wordpress\/plugins\/seo\/ -->\n<title>ABIERTO PLAZO DE INSCRIPCI\u00d3N PARA EL CAMPUS MULTIACTIVIDAD DE SEMANA SANTA Y VERANO 2019 - Deportes Jesuitinas Pamplona<\/title>\n<meta name=\"robots\" content=\"index, follow, max-snippet:-1, max-image-preview:large, max-video-preview:-1\" \/>\n<link rel=\"canonical\" href=\"http:\/\/blogs.jesuitinaspamplona.org\/deportes\/abierto-plazo-de-inscripcion-para-el-campus-multiactividad-de-semana-santa-y-verano-2019\/\" \/>\n<meta property=\"og:locale\" content=\"es_ES\" \/>\n<meta property=\"og:type\" content=\"article\" \/>\n<meta property=\"og:title\" content=\"ABIERTO PLAZO DE INSCRIPCI\u00d3N PARA EL CAMPUS MULTIACTIVIDAD DE SEMANA SANTA Y VERANO 2019 - Deportes Jesuitinas Pamplona\" \/>\n<meta property=\"og:description\" content=\"A continuaci\u00f3n os detallamos la informaci\u00f3n de dos actividades nuevas que oferta el colegio dirigidas a alumnos\/as de 2\u00ba de infantil a 6\u00ba de primaria, tanto del centro como fuera de \u00e9l (as\u00ed podr\u00e1n participar amigos o conocidos de nuestros alumnos que estudian en otros centros escolares). La coordinaci\u00f3n deportiva del colegio, de la mano ... Leer m\u00e1s\" \/>\n<meta property=\"og:url\" content=\"http:\/\/blogs.jesuitinaspamplona.org\/deportes\/abierto-plazo-de-inscripcion-para-el-campus-multiactividad-de-semana-santa-y-verano-2019\/\" \/>\n<meta property=\"og:site_name\" content=\"Deportes Jesuitinas Pamplona\" \/>\n<meta property=\"article:published_time\" content=\"2019-03-05T07:57:22+00:00\" \/>\n<meta property=\"article:modified_time\" content=\"2019-03-08T10:07:46+00:00\" \/>\n<meta property=\"og:image\" content=\"http:\/\/blogs.jesuitinaspamplona.org\/deportes\/wp-content\/uploads\/sites\/9\/2019\/03\/Diapositiva1-1.jpeg\" \/>\n\t<meta property=\"og:image:width\" content=\"800\" \/>\n\t<meta property=\"og:image:height\" content=\"1067\" \/>\n<meta name=\"twitter:card\" content=\"summary\" \/>\n<meta name=\"twitter:label1\" content=\"Escrito por\" \/>\n\t<meta name=\"twitter:data1\" content=\"deportes\" \/>\n\t<meta name=\"twitter:label2\" content=\"Tiempo de lectura\" \/>\n\t<meta name=\"twitter:data2\" content=\"1 minuto\" \/>\n<script type=\"application\/ld+json\" class=\"yoast-schema-graph\">{\"@context\":\"https:\/\/schema.org\",\"@graph\":[{\"@type\":\"WebSite\",\"@id\":\"http:\/\/blogs.jesuitinaspamplona.org\/deportes\/#website\",\"url\":\"http:\/\/blogs.jesuitinaspamplona.org\/deportes\/\",\"name\":\"Deportes Jesuitinas Pamplona\",\"description\":\"Blog Deportes\",\"potentialAction\":[{\"@type\":\"SearchAction\",\"target\":{\"@type\":\"EntryPoint\",\"urlTemplate\":\"http:\/\/blogs.jesuitinaspamplona.org\/deportes\/?s={search_term_string}\"},\"query-input\":\"required name=search_term_string\"}],\"inLanguage\":\"es\"},{\"@type\":\"ImageObject\",\"@id\":\"http:\/\/blogs.jesuitinaspamplona.org\/deportes\/abierto-plazo-de-inscripcion-para-el-campus-multiactividad-de-semana-santa-y-verano-2019\/#primaryimage\",\"inLanguage\":\"es\",\"url\":\"http:\/\/blogs.jesuitinaspamplona.org\/deportes\/wp-content\/uploads\/sites\/9\/2019\/03\/Diapositiva1-1.jpeg\",\"contentUrl\":\"http:\/\/blogs.jesuitinaspamplona.org\/deportes\/wp-content\/uploads\/sites\/9\/2019\/03\/Diapositiva1-1.jpeg\",\"width\":800,\"height\":1067},{\"@type\":\"WebPage\",\"@id\":\"http:\/\/blogs.jesuitinaspamplona.org\/deportes\/abierto-plazo-de-inscripcion-para-el-campus-multiactividad-de-semana-santa-y-verano-2019\/#webpage\",\"url\":\"http:\/\/blogs.jesuitinaspamplona.org\/deportes\/abierto-plazo-de-inscripcion-para-el-campus-multiactividad-de-semana-santa-y-verano-2019\/\",\"name\":\"ABIERTO PLAZO DE INSCRIPCI\\u00d3N PARA EL CAMPUS MULTIACTIVIDAD DE SEMANA SANTA Y VERANO 2019 - Deportes Jesuitinas Pamplona\",\"isPartOf\":{\"@id\":\"http:\/\/blogs.jesuitinaspamplona.org\/deportes\/#website\"},\"primaryImageOfPage\":{\"@id\":\"http:\/\/blogs.jesuitinaspamplona.org\/deportes\/abierto-plazo-de-inscripcion-para-el-campus-multiactividad-de-semana-santa-y-verano-2019\/#primaryimage\"},\"datePublished\":\"2019-03-05T07:57:22+00:00\",\"dateModified\":\"2019-03-08T10:07:46+00:00\",\"author\":{\"@id\":\"http:\/\/blogs.jesuitinaspamplona.org\/deportes\/#\/schema\/person\/9bdd1e0e6386f47f6e1800cd3cd8622f\"},\"breadcrumb\":{\"@id\":\"http:\/\/blogs.jesuitinaspamplona.org\/deportes\/abierto-plazo-de-inscripcion-para-el-campus-multiactividad-de-semana-santa-y-verano-2019\/#breadcrumb\"},\"inLanguage\":\"es\",\"potentialAction\":[{\"@type\":\"ReadAction\",\"target\":[\"http:\/\/blogs.jesuitinaspamplona.org\/deportes\/abierto-plazo-de-inscripcion-para-el-campus-multiactividad-de-semana-santa-y-verano-2019\/\"]}]},{\"@type\":\"BreadcrumbList\",\"@id\":\"http:\/\/blogs.jesuitinaspamplona.org\/deportes\/abierto-plazo-de-inscripcion-para-el-campus-multiactividad-de-semana-santa-y-verano-2019\/#breadcrumb\",\"itemListElement\":[{\"@type\":\"ListItem\",\"position\":1,\"name\":\"Portada\",\"item\":\"http:\/\/blogs.jesuitinaspamplona.org\/deportes\/\"},{\"@type\":\"ListItem\",\"position\":2,\"name\":\"ABIERTO PLAZO DE INSCRIPCI\\u00d3N PARA EL CAMPUS MULTIACTIVIDAD DE SEMANA SANTA Y VERANO 2019\"}]},{\"@type\":\"Person\",\"@id\":\"http:\/\/blogs.jesuitinaspamplona.org\/deportes\/#\/schema\/person\/9bdd1e0e6386f47f6e1800cd3cd8622f\",\"name\":\"deportes\",\"image\":{\"@type\":\"ImageObject\",\"@id\":\"http:\/\/blogs.jesuitinaspamplona.org\/deportes\/#personlogo\",\"inLanguage\":\"es\",\"url\":\"http:\/\/0.gravatar.com\/avatar\/39454d5c29fa976829ba89c853480c2e?s=96&d=mm&r=g\",\"contentUrl\":\"http:\/\/0.gravatar.com\/avatar\/39454d5c29fa976829ba89c853480c2e?s=96&d=mm&r=g\",\"caption\":\"deportes\"},\"url\":\"http:\/\/blogs.jesuitinaspamplona.org\/deportes\/author\/deportes\/\"}]}<\/script>\n<!-- \/ Yoast SEO plugin. -->","yoast_head_json":{"title":"ABIERTO PLAZO DE INSCRIPCI\u00d3N PARA EL CAMPUS MULTIACTIVIDAD DE SEMANA SANTA Y VERANO 2019 - Deportes Jesuitinas Pamplona","robots":{"index":"index","follow":"follow","max-snippet":"max-snippet:-1","max-image-preview":"max-image-preview:large","max-video-preview":"max-video-preview:-1"},"canonical":"http:\/\/blogs.jesuitinaspamplona.org\/deportes\/abierto-plazo-de-inscripcion-para-el-campus-multiactividad-de-semana-santa-y-verano-2019\/","og_locale":"es_ES","og_type":"article","og_title":"ABIERTO PLAZO DE INSCRIPCI\u00d3N PARA EL CAMPUS MULTIACTIVIDAD DE SEMANA SANTA Y VERANO 2019 - Deportes Jesuitinas Pamplona","og_description":"A continuaci\u00f3n os detallamos la informaci\u00f3n de dos actividades nuevas que oferta el colegio dirigidas a alumnos\/as de 2\u00ba de infantil a 6\u00ba de primaria, tanto del centro como fuera de \u00e9l (as\u00ed podr\u00e1n participar amigos o conocidos de nuestros alumnos que estudian en otros centros escolares). La coordinaci\u00f3n deportiva del colegio, de la mano ... Leer m\u00e1s","og_url":"http:\/\/blogs.jesuitinaspamplona.org\/deportes\/abierto-plazo-de-inscripcion-para-el-campus-multiactividad-de-semana-santa-y-verano-2019\/","og_site_name":"Deportes Jesuitinas Pamplona","article_published_time":"2019-03-05T07:57:22+00:00","article_modified_time":"2019-03-08T10:07:46+00:00","og_image":[{"width":800,"height":1067,"url":"http:\/\/blogs.jesuitinaspamplona.org\/deportes\/wp-content\/uploads\/sites\/9\/2019\/03\/Diapositiva1-1.jpeg","type":"image\/jpeg"}],"twitter_card":"summary","twitter_misc":{"Escrito por":"deportes","Tiempo de lectura":"1 minuto"},"schema":{"@context":"https:\/\/schema.org","@graph":[{"@type":"WebSite","@id":"http:\/\/blogs.jesuitinaspamplona.org\/deportes\/#website","url":"http:\/\/blogs.jesuitinaspamplona.org\/deportes\/","name":"Deportes Jesuitinas Pamplona","description":"Blog Deportes","potentialAction":[{"@type":"SearchAction","target":{"@type":"EntryPoint","urlTemplate":"http:\/\/blogs.jesuitinaspamplona.org\/deportes\/?s={search_term_string}"},"query-input":"required name=search_term_string"}],"inLanguage":"es"},{"@type":"ImageObject","@id":"http:\/\/blogs.jesuitinaspamplona.org\/deportes\/abierto-plazo-de-inscripcion-para-el-campus-multiactividad-de-semana-santa-y-verano-2019\/#primaryimage","inLanguage":"es","url":"http:\/\/blogs.jesuitinaspamplona.org\/deportes\/wp-content\/uploads\/sites\/9\/2019\/03\/Diapositiva1-1.jpeg","contentUrl":"http:\/\/blogs.jesuitinaspamplona.org\/deportes\/wp-content\/uploads\/sites\/9\/2019\/03\/Diapositiva1-1.jpeg","width":800,"height":1067},{"@type":"WebPage","@id":"http:\/\/blogs.jesuitinaspamplona.org\/deportes\/abierto-plazo-de-inscripcion-para-el-campus-multiactividad-de-semana-santa-y-verano-2019\/#webpage","url":"http:\/\/blogs.jesuitinaspamplona.org\/deportes\/abierto-plazo-de-inscripcion-para-el-campus-multiactividad-de-semana-santa-y-verano-2019\/","name":"ABIERTO PLAZO DE INSCRIPCI\u00d3N PARA EL CAMPUS MULTIACTIVIDAD DE SEMANA SANTA Y VERANO 2019 - Deportes Jesuitinas Pamplona","isPartOf":{"@id":"http:\/\/blogs.jesuitinaspamplona.org\/deportes\/#website"},"primaryImageOfPage":{"@id":"http:\/\/blogs.jesuitinaspamplona.org\/deportes\/abierto-plazo-de-inscripcion-para-el-campus-multiactividad-de-semana-santa-y-verano-2019\/#primaryimage"},"datePublished":"2019-03-05T07:57:22+00:00","dateModified":"2019-03-08T10:07:46+00:00","author":{"@id":"http:\/\/blogs.jesuitinaspamplona.org\/deportes\/#\/schema\/person\/9bdd1e0e6386f47f6e1800cd3cd8622f"},"breadcrumb":{"@id":"http:\/\/blogs.jesuitinaspamplona.org\/deportes\/abierto-plazo-de-inscripcion-para-el-campus-multiactividad-de-semana-santa-y-verano-2019\/#breadcrumb"},"inLanguage":"es","potentialAction":[{"@type":"ReadAction","target":["http:\/\/blogs.jesuitinaspamplona.org\/deportes\/abierto-plazo-de-inscripcion-para-el-campus-multiactividad-de-semana-santa-y-verano-2019\/"]}]},{"@type":"BreadcrumbList","@id":"http:\/\/blogs.jesuitinaspamplona.org\/deportes\/abierto-plazo-de-inscripcion-para-el-campus-multiactividad-de-semana-santa-y-verano-2019\/#breadcrumb","itemListElement":[{"@type":"ListItem","position":1,"name":"Portada","item":"http:\/\/blogs.jesuitinaspamplona.org\/deportes\/"},{"@type":"ListItem","position":2,"name":"ABIERTO PLAZO DE INSCRIPCI\u00d3N PARA EL CAMPUS MULTIACTIVIDAD DE SEMANA SANTA Y VERANO 2019"}]},{"@type":"Person","@id":"http:\/\/blogs.jesuitinaspamplona.org\/deportes\/#\/schema\/person\/9bdd1e0e6386f47f6e1800cd3cd8622f","name":"deportes","image":{"@type":"ImageObject","@id":"http:\/\/blogs.jesuitinaspamplona.org\/deportes\/#personlogo","inLanguage":"es","url":"http:\/\/0.gravatar.com\/avatar\/39454d5c29fa976829ba89c853480c2e?s=96&d=mm&r=g","contentUrl":"http:\/\/0.gravatar.com\/avatar\/39454d5c29fa976829ba89c853480c2e?s=96&d=mm&r=g","caption":"deportes"},"url":"http:\/\/blogs.jesuitinaspamplona.org\/deportes\/author\/deportes\/"}]}},"_links":{"self":[{"href":"http:\/\/blogs.jesuitinaspamplona.org\/deportes\/wp-json\/wp\/v2\/posts\/1000"}],"collection":[{"href":"http:\/\/blogs.jesuitinaspamplona.org\/deportes\/wp-json\/wp\/v2\/posts"}],"about":[{"href":"http:\/\/blogs.jesuitinaspamplona.org\/deportes\/wp-json\/wp\/v2\/types\/post"}],"author":[{"embeddable":true,"href":"http:\/\/blogs.jesuitinaspamplona.org\/deportes\/wp-json\/wp\/v2\/users\/16"}],"replies":[{"embeddable":true,"href":"http:\/\/blogs.jesuitinaspamplona.org\/deportes\/wp-json\/wp\/v2\/comments?post=1000"}],"version-history":[{"count":2,"href":"http:\/\/blogs.jesuitinaspamplona.org\/deportes\/wp-json\/wp\/v2\/posts\/1000\/revisions"}],"predecessor-version":[{"id":1003,"href":"http:\/\/blogs.jesuitinaspamplona.org\/deportes\/wp-json\/wp\/v2\/posts\/1000\/revisions\/1003"}],"wp:featuredmedia":[{"embeddable":true,"href":"http:\/\/blogs.jesuitinaspamplona.org\/deportes\/wp-json\/wp\/v2\/media\/1025"}],"wp:attachment":[{"href":"http:\/\/blogs.jesuitinaspamplona.org\/deportes\/wp-json\/wp\/v2\/media?parent=1000"}],"wp:term":[{"taxonomy":"category","embeddable":true,"href":"http:\/\/blogs.jesuitinaspamplona.org\/deportes\/wp-json\/wp\/v2\/categories?post=1000"},{"taxonomy":"post_tag","embeddable":true,"href":"http:\/\/blogs.jesuitinaspamplona.org\/deportes\/wp-json\/wp\/v2\/tags?post=1000"}],"curies":[{"name":"wp","href":"https:\/\/api.w.org\/{rel}","templated":true}]}}