{"id":1352,"date":"2019-10-15T01:17:57","date_gmt":"2019-10-14T23:17:57","guid":{"rendered":"http:\/\/blogs.jesuitinaspamplona.org\/deportes\/?p=1352"},"modified":"2019-10-15T01:42:21","modified_gmt":"2019-10-14T23:42:21","slug":"el-equipo-de-beisbol-del-colegio-4o-en-el-campeonato-de-espana-sub-11","status":"publish","type":"post","link":"http:\/\/blogs.jesuitinaspamplona.org\/deportes\/el-equipo-de-beisbol-del-colegio-4o-en-el-campeonato-de-espana-sub-11\/","title":{"rendered":"El equipo de b\u00e9isbol del Colegio, 4\u00ba en el Campeonato de Espa\u00f1a sub 11."},"content":{"rendered":"<p><img loading=\"lazy\" class=\"alignleft wp-image-1353 size-full\" src=\"http:\/\/blogs.jesuitinaspamplona.org\/deportes\/wp-content\/uploads\/sites\/9\/2019\/10\/CD-Jesuitinas-Cpto-Espa\u00f1a-sub-11-2019_-1_redimensionar.jpg\" alt=\"\" width=\"282\" height=\"400\" srcset=\"http:\/\/blogs.jesuitinaspamplona.org\/deportes\/wp-content\/uploads\/sites\/9\/2019\/10\/CD-Jesuitinas-Cpto-Espa\u00f1a-sub-11-2019_-1_redimensionar.jpg 282w, http:\/\/blogs.jesuitinaspamplona.org\/deportes\/wp-content\/uploads\/sites\/9\/2019\/10\/CD-Jesuitinas-Cpto-Espa\u00f1a-sub-11-2019_-1_redimensionar-212x300.jpg 212w\" sizes=\"(max-width: 282px) 100vw, 282px\" \/>El C<a href=\"https:\/\/jesuitinasbeisbol.com\/\" target=\"_blank\" rel=\"noopener\">lub Deportivo Jesuitinas<\/a> \u00a0ha logrado un meritorio <strong>cuarto puesto en el <a href=\"https:\/\/www.rfebs.es\/beisbol\/20191013\/capitalinos-de-gran-canaria-campeon-de-espana-sub-11-de-beisbol\/\" target=\"_blank\" rel=\"noopener\">Campeonato de Espa\u00f1a de B\u00e9isbol en la categor\u00eda sub 11<\/a><\/strong> (alevines), celebrado del 10 al 13 de octubre en Valencia. De esta forma, nuestro equipo regresaba a la competici\u00f3n nacional, tras su \u00faltima participaci\u00f3n en el Campeonato de Espa\u00f1a Infantil de 2012, en el que fuimos subcampeones.<\/p>\n<p>A este Campeonato sub 11 acud\u00edan los 17 mejores equipos de toda Espa\u00f1a, distribuidos en 4 grupos. El campe\u00f3n final fue el equipo \u201c<strong><em>Capitalinos<\/em><\/strong>\u201d de Gran Canaria, que derrot\u00f3 a EM Madrid en la final por un contundente<strong> 14-4<\/strong>.<\/p>\n<p>&nbsp;<\/p>\n<p>&nbsp;<\/p>\n<p>Nuestro equipo hab\u00eda quedado encuadrado en uno de los grupos m\u00e1s dif\u00edciles del Campeonato, en el que estaba el <em>CD Severo Ochoa<\/em> y los dos equipos locales m\u00e1s potentes, <em>CBS Antorcha <\/em>(bronce en el 2018) y <em>Astros Valencia<\/em>, equipo anfitri\u00f3n que hab\u00eda preparado el Campeonato con gran intensidad. Y ya en el primer partido \u2013unas horas despu\u00e9s de bajar del autob\u00fas que nos llev\u00f3 a la capital del Turia- toc\u00f3 sufrir contra <strong><em>CD Severo Ochoa<\/em><\/strong>, tras un comienzo titubeante por nuestra defensa. Pero poco\u00a0 a poco nos fuimos centrando y conseguimos remontar hasta dejar el marcador en <strong>9-8,<\/strong> con la opci\u00f3n de haber anotado m\u00e1s carreras al ser equipo home-club (el que batea el \u00faltimo). Este d\u00eda conectamos 16 <em>hits<\/em> (batazos buenos)\u00a0 y cometimos 5 errores defensivos.<\/p>\n<p><img loading=\"lazy\" class=\"aligncenter wp-image-1400 size-full\" src=\"http:\/\/blogs.jesuitinaspamplona.org\/deportes\/wp-content\/uploads\/sites\/9\/2019\/10\/CD-Jesuitinas-Cpto-Espa\u00f1a-sub-11-2019_452_redimensionar-1.jpg\" alt=\"\" width=\"600\" height=\"337\" srcset=\"http:\/\/blogs.jesuitinaspamplona.org\/deportes\/wp-content\/uploads\/sites\/9\/2019\/10\/CD-Jesuitinas-Cpto-Espa\u00f1a-sub-11-2019_452_redimensionar-1.jpg 600w, http:\/\/blogs.jesuitinaspamplona.org\/deportes\/wp-content\/uploads\/sites\/9\/2019\/10\/CD-Jesuitinas-Cpto-Espa\u00f1a-sub-11-2019_452_redimensionar-1-300x169.jpg 300w\" sizes=\"(max-width: 600px) 100vw, 600px\" \/><\/p>\n<p>&nbsp;<\/p>\n<p>El viernes era el d\u00eda clave. Por la ma\u00f1ana nos enfrent\u00e1bamos al <strong><em>CBS Antorcha<\/em><\/strong>, club hist\u00f3rico del b\u00e9isbol y s\u00f3fbol nacional, que fue termin\u00f3 3\u00ba en el Campeonato del 2018. De nuevo toc\u00f3 sufrir de lo lindo: comenzamos el partido por abajo, y poco a poco nos repusimos con gran coraje para terminar remontando el partido<strong>: 10-9 para Jesuitinas<\/strong>. Primera gran sorpresa de la competici\u00f3n. La gente de todos los equipos ya empezaba a preguntar por nosotros. Fue un partido con una espl\u00e9ndida defensa (s\u00f3lo 2 errores) y con un total de 16 hits productivos que nos dieron la victoria. Ya est\u00e1bamos en octavos de final. Pero quer\u00edamos m\u00e1s\u2026<\/p>\n<p><img loading=\"lazy\" class=\"alignnone wp-image-1378\" src=\"http:\/\/blogs.jesuitinaspamplona.org\/deportes\/wp-content\/uploads\/sites\/9\/2019\/10\/CD-Jesuitinas-Cpto-Espa\u00f1a-sub-11-2019_442_redimensionar-225x300.jpg\" alt=\"\" width=\"335\" height=\"447\" srcset=\"http:\/\/blogs.jesuitinaspamplona.org\/deportes\/wp-content\/uploads\/sites\/9\/2019\/10\/CD-Jesuitinas-Cpto-Espa\u00f1a-sub-11-2019_442_redimensionar-225x300.jpg 225w, http:\/\/blogs.jesuitinaspamplona.org\/deportes\/wp-content\/uploads\/sites\/9\/2019\/10\/CD-Jesuitinas-Cpto-Espa\u00f1a-sub-11-2019_442_redimensionar.jpg 300w\" sizes=\"(max-width: 335px) 100vw, 335px\" \/> <img loading=\"lazy\" class=\"alignnone wp-image-1376\" src=\"http:\/\/blogs.jesuitinaspamplona.org\/deportes\/wp-content\/uploads\/sites\/9\/2019\/10\/CD-Jesuitinas-Cpto-Espa\u00f1a-sub-11-2019_440_redimensionar-225x300.jpg\" alt=\"\" width=\"337\" height=\"449\" srcset=\"http:\/\/blogs.jesuitinaspamplona.org\/deportes\/wp-content\/uploads\/sites\/9\/2019\/10\/CD-Jesuitinas-Cpto-Espa\u00f1a-sub-11-2019_440_redimensionar-225x300.jpg 225w, http:\/\/blogs.jesuitinaspamplona.org\/deportes\/wp-content\/uploads\/sites\/9\/2019\/10\/CD-Jesuitinas-Cpto-Espa\u00f1a-sub-11-2019_440_redimensionar.jpg 300w\" sizes=\"(max-width: 337px) 100vw, 337px\" \/>\u00a0<img loading=\"lazy\" class=\"alignnone wp-image-1374\" src=\"http:\/\/blogs.jesuitinaspamplona.org\/deportes\/wp-content\/uploads\/sites\/9\/2019\/10\/CD-Jesuitinas-Cpto-Espa\u00f1a-sub-11-2019_438_redimensionar-300x225.jpg\" alt=\"\" width=\"435\" height=\"326\" srcset=\"http:\/\/blogs.jesuitinaspamplona.org\/deportes\/wp-content\/uploads\/sites\/9\/2019\/10\/CD-Jesuitinas-Cpto-Espa\u00f1a-sub-11-2019_438_redimensionar-300x225.jpg 300w, http:\/\/blogs.jesuitinaspamplona.org\/deportes\/wp-content\/uploads\/sites\/9\/2019\/10\/CD-Jesuitinas-Cpto-Espa\u00f1a-sub-11-2019_438_redimensionar.jpg 533w\" sizes=\"(max-width: 435px) 100vw, 435px\" \/><\/p>\n<p>Y por la tarde, tocaba otro dur\u00edsimo rival: el <strong><em>CB Astros<\/em><\/strong>, \u00a0que hab\u00eda derrotado a Antorcha en la primera jornada, y otro de los grandes clubes del b\u00e9isbol nacional, ganador de Ligas Nacionales. En juego estaba la primera plaza del grupo.\u00a0 Un d\u00eda m\u00e1s, nuestros muchachos dieron toda una lecci\u00f3n de coraje y superaci\u00f3n. De nuevo hubo una remontada \u00e9pica: conseguimos empatar en la \u00faltima entrada tras ir perdiendo. En la primera entrada del extra-inning (desempate), nos metieron 5 carreras, con buenos batazos suyos y alg\u00fan error clave nuestro. Todo parec\u00eda terminado. Pero entonces surgi\u00f3 la raza chantreana para devolverles la moneda, anotando otras 5 carreras que dejaron a todo el p\u00fablico en silencio de admiraci\u00f3n, y con todos los dem\u00e1s equipos navarros y nuestra querida afici\u00f3n apoy\u00e1ndonos al m\u00e1ximo. Y en la segunda entrada de desempate, logramos \u201cun cero\u201d (no encajamos ni una carrera) y nosotros s\u00ed que pudimos anotar la carrera de la victoria: <strong>14-13<\/strong>, \u00a0logrando as\u00ed el pase a cuartos de final como primeros de grupo. Fueron \u00a015 hits en total y s\u00f3lo 2 errores en 8 entradas: ya \u00e9ramos el equipo revelaci\u00f3n del campeonato, y todo el mundo nos felicitaba y se interesaba por nuestro equipo.<\/p>\n<p><img loading=\"lazy\" class=\"alignnone wp-image-1380\" src=\"http:\/\/blogs.jesuitinaspamplona.org\/deportes\/wp-content\/uploads\/sites\/9\/2019\/10\/CD-Jesuitinas-Cpto-Espa\u00f1a-sub-11-2019_444_redimensionar-225x300.jpg\" alt=\"\" width=\"291\" height=\"388\" srcset=\"http:\/\/blogs.jesuitinaspamplona.org\/deportes\/wp-content\/uploads\/sites\/9\/2019\/10\/CD-Jesuitinas-Cpto-Espa\u00f1a-sub-11-2019_444_redimensionar-225x300.jpg 225w, http:\/\/blogs.jesuitinaspamplona.org\/deportes\/wp-content\/uploads\/sites\/9\/2019\/10\/CD-Jesuitinas-Cpto-Espa\u00f1a-sub-11-2019_444_redimensionar.jpg 300w\" sizes=\"(max-width: 291px) 100vw, 291px\" \/> <img loading=\"lazy\" class=\"alignnone wp-image-1389\" src=\"http:\/\/blogs.jesuitinaspamplona.org\/deportes\/wp-content\/uploads\/sites\/9\/2019\/10\/CD-Jesuitinas-Cpto-Espa\u00f1a-sub-11-2019_-10-300x225.jpg\" alt=\"\" width=\"513\" height=\"384\" srcset=\"http:\/\/blogs.jesuitinaspamplona.org\/deportes\/wp-content\/uploads\/sites\/9\/2019\/10\/CD-Jesuitinas-Cpto-Espa\u00f1a-sub-11-2019_-10-300x225.jpg 300w, http:\/\/blogs.jesuitinaspamplona.org\/deportes\/wp-content\/uploads\/sites\/9\/2019\/10\/CD-Jesuitinas-Cpto-Espa\u00f1a-sub-11-2019_-10-768x576.jpg 768w, http:\/\/blogs.jesuitinaspamplona.org\/deportes\/wp-content\/uploads\/sites\/9\/2019\/10\/CD-Jesuitinas-Cpto-Espa\u00f1a-sub-11-2019_-10-1024x768.jpg 1024w, http:\/\/blogs.jesuitinaspamplona.org\/deportes\/wp-content\/uploads\/sites\/9\/2019\/10\/CD-Jesuitinas-Cpto-Espa\u00f1a-sub-11-2019_-10.jpg 1600w\" sizes=\"(max-width: 513px) 100vw, 513px\" \/>\u00a0<img loading=\"lazy\" class=\"alignnone wp-image-1471\" src=\"http:\/\/blogs.jesuitinaspamplona.org\/deportes\/wp-content\/uploads\/sites\/9\/2019\/10\/CD-Jesuitinas-Cpto-Espa\u00f1a-sub-11-Valencia-2019_-157_redimensionar-225x300.jpg\" alt=\"\" width=\"288\" height=\"384\" srcset=\"http:\/\/blogs.jesuitinaspamplona.org\/deportes\/wp-content\/uploads\/sites\/9\/2019\/10\/CD-Jesuitinas-Cpto-Espa\u00f1a-sub-11-Valencia-2019_-157_redimensionar-225x300.jpg 225w, http:\/\/blogs.jesuitinaspamplona.org\/deportes\/wp-content\/uploads\/sites\/9\/2019\/10\/CD-Jesuitinas-Cpto-Espa\u00f1a-sub-11-Valencia-2019_-157_redimensionar.jpg 450w\" sizes=\"(max-width: 288px) 100vw, 288px\" \/><\/p>\n<p>El s\u00e1bado por la ma\u00f1ana ten\u00edamos los <strong>cuartos de final<\/strong> ante <strong><em>los Jabatos de Huesca<\/em><\/strong>: un club joven y correoso que tambi\u00e9n hab\u00eda luchado al m\u00e1ximo por lograr la clasificaci\u00f3n. Pero nuestro equipo hizo un partido perfecto en defensa (0 errores) y logr\u00f3 una buena ofensiva colectiva (14 hits) que nos ayud\u00f3 a ganar el partido con una c\u00f3moda diferencia: <strong>10-1<\/strong> para Jesuitinas.<\/p>\n<p><img loading=\"lazy\" class=\"alignnone wp-image-1383\" src=\"http:\/\/blogs.jesuitinaspamplona.org\/deportes\/wp-content\/uploads\/sites\/9\/2019\/10\/CD-Jesuitinas-Cpto-Espa\u00f1a-sub-11-2019_-29_redimensionar-300x225.jpg\" alt=\"\" width=\"338\" height=\"254\" srcset=\"http:\/\/blogs.jesuitinaspamplona.org\/deportes\/wp-content\/uploads\/sites\/9\/2019\/10\/CD-Jesuitinas-Cpto-Espa\u00f1a-sub-11-2019_-29_redimensionar-300x225.jpg 300w, http:\/\/blogs.jesuitinaspamplona.org\/deportes\/wp-content\/uploads\/sites\/9\/2019\/10\/CD-Jesuitinas-Cpto-Espa\u00f1a-sub-11-2019_-29_redimensionar.jpg 533w\" sizes=\"(max-width: 338px) 100vw, 338px\" \/> <img loading=\"lazy\" class=\"alignnone wp-image-1387\" src=\"http:\/\/blogs.jesuitinaspamplona.org\/deportes\/wp-content\/uploads\/sites\/9\/2019\/10\/CD-Jesuitinas-Cpto-Espa\u00f1a-sub-11-2019_-11_redimensionar-300x225.jpg\" alt=\"\" width=\"403\" height=\"302\" srcset=\"http:\/\/blogs.jesuitinaspamplona.org\/deportes\/wp-content\/uploads\/sites\/9\/2019\/10\/CD-Jesuitinas-Cpto-Espa\u00f1a-sub-11-2019_-11_redimensionar-300x225.jpg 300w, http:\/\/blogs.jesuitinaspamplona.org\/deportes\/wp-content\/uploads\/sites\/9\/2019\/10\/CD-Jesuitinas-Cpto-Espa\u00f1a-sub-11-2019_-11_redimensionar.jpg 533w\" sizes=\"(max-width: 403px) 100vw, 403px\" \/><\/p>\n<p>Y por la tarde disputamos la semifinal ante <strong><em>Escuela Municipal de Madrid,<\/em><\/strong> otro gran club hist\u00f3rico que trabaja muy bien la cantera. Pese al apoyo desde la grada del CAD Irabia y del CD Pamplona -algo que agradecemos- , la verdad es que no comenzamos bien: no bateamos bien en las dos primeras entradas y los madrile\u00f1os hac\u00edan un gran trabajo defensivo en momentos clave. Adem\u00e1s, nosotros cometimos algunos errores en la primera mitad del juego, que nos obligaron \u2013de nuevo-a buscar una remontada casi imposible. Y casi lo logramos: nos pusimos una carrera por debajo en la tercera entrada (5-4), pero el buen ataque de Madrid y dos errores defensivos nuestros al final nos condenaron a una derrota clara, por <strong>12-5<\/strong>, pese a haber logrado m\u00e1s hits que Madrid (14 \/10).<\/p>\n<p><img loading=\"lazy\" class=\"aligncenter wp-image-1388 size-full\" src=\"http:\/\/blogs.jesuitinaspamplona.org\/deportes\/wp-content\/uploads\/sites\/9\/2019\/10\/CD-Jesuitinas-Cpto-Espa\u00f1a-sub-11-2019_-12_redimensionar.jpg\" alt=\"\" width=\"533\" height=\"400\" srcset=\"http:\/\/blogs.jesuitinaspamplona.org\/deportes\/wp-content\/uploads\/sites\/9\/2019\/10\/CD-Jesuitinas-Cpto-Espa\u00f1a-sub-11-2019_-12_redimensionar.jpg 533w, http:\/\/blogs.jesuitinaspamplona.org\/deportes\/wp-content\/uploads\/sites\/9\/2019\/10\/CD-Jesuitinas-Cpto-Espa\u00f1a-sub-11-2019_-12_redimensionar-300x225.jpg 300w\" sizes=\"(max-width: 533px) 100vw, 533px\" \/><\/p>\n<p>Y en la jornada final nos enfrentamos por el 3\u00ba puesto ante <strong>Irabia Bravos<\/strong>, el otro equipo navarro que tambi\u00e9n hab\u00eda logrado el pase a cuartos, y que hab\u00eda ca\u00eddo en semis ante Capitalinos por 12-1. Comenzamos con una buena primera entrada en defensa, pero en las dos siguientes cometimos alg\u00fan error en desajustes defensivos. Pero \u2013como ya es firma de la casa- nadie baj\u00f3 los brazos y seguimos compitiendo con la m\u00e1xima intensidad. As\u00ed, remontamos de nuevo un partido que se nos hab\u00eda complicado demasiado, llegando a ponernos una por delante al final de la 4\u00aa entrada (10-9). Pero en la 5\u00aa entrada Irabia anotaba 3 carreras, mientras que nosotros no logramos el batazo necesario en la \u00faltima entrada, cuando ten\u00edamos dos corredores en base\u2026y el marcador se qued\u00f3 en <strong>12-10<\/strong>. Una pena, porque el bronce estuvo al alcance, pero Irabia tambi\u00e9n mereci\u00f3 la victoria.<\/p>\n<p><img loading=\"lazy\" class=\"alignnone size-medium wp-image-1396\" src=\"http:\/\/blogs.jesuitinaspamplona.org\/deportes\/wp-content\/uploads\/sites\/9\/2019\/10\/CD-Jesuitinas-Cpto-Espa\u00f1a-sub-11-2019_5-3-300x169.jpg\" alt=\"\" width=\"300\" height=\"169\" srcset=\"http:\/\/blogs.jesuitinaspamplona.org\/deportes\/wp-content\/uploads\/sites\/9\/2019\/10\/CD-Jesuitinas-Cpto-Espa\u00f1a-sub-11-2019_5-3-300x169.jpg 300w, http:\/\/blogs.jesuitinaspamplona.org\/deportes\/wp-content\/uploads\/sites\/9\/2019\/10\/CD-Jesuitinas-Cpto-Espa\u00f1a-sub-11-2019_5-3-768x432.jpg 768w, http:\/\/blogs.jesuitinaspamplona.org\/deportes\/wp-content\/uploads\/sites\/9\/2019\/10\/CD-Jesuitinas-Cpto-Espa\u00f1a-sub-11-2019_5-3-1024x576.jpg 1024w, http:\/\/blogs.jesuitinaspamplona.org\/deportes\/wp-content\/uploads\/sites\/9\/2019\/10\/CD-Jesuitinas-Cpto-Espa\u00f1a-sub-11-2019_5-3.jpg 1600w\" sizes=\"(max-width: 300px) 100vw, 300px\" \/> <img loading=\"lazy\" class=\"alignnone size-medium wp-image-1397\" src=\"http:\/\/blogs.jesuitinaspamplona.org\/deportes\/wp-content\/uploads\/sites\/9\/2019\/10\/CD-Jesuitinas-Cpto-Espa\u00f1a-sub-11-2019_5-4-225x300.jpg\" alt=\"\" width=\"225\" height=\"300\" srcset=\"http:\/\/blogs.jesuitinaspamplona.org\/deportes\/wp-content\/uploads\/sites\/9\/2019\/10\/CD-Jesuitinas-Cpto-Espa\u00f1a-sub-11-2019_5-4-225x300.jpg 225w, http:\/\/blogs.jesuitinaspamplona.org\/deportes\/wp-content\/uploads\/sites\/9\/2019\/10\/CD-Jesuitinas-Cpto-Espa\u00f1a-sub-11-2019_5-4-768x1024.jpg 768w, http:\/\/blogs.jesuitinaspamplona.org\/deportes\/wp-content\/uploads\/sites\/9\/2019\/10\/CD-Jesuitinas-Cpto-Espa\u00f1a-sub-11-2019_5-4.jpg 1200w\" sizes=\"(max-width: 225px) 100vw, 225px\" \/> <img loading=\"lazy\" class=\"alignnone size-medium wp-image-1398\" src=\"http:\/\/blogs.jesuitinaspamplona.org\/deportes\/wp-content\/uploads\/sites\/9\/2019\/10\/CD-Jesuitinas-Cpto-Espa\u00f1a-sub-11-2019_5-5-225x300.jpg\" alt=\"\" width=\"225\" height=\"300\" srcset=\"http:\/\/blogs.jesuitinaspamplona.org\/deportes\/wp-content\/uploads\/sites\/9\/2019\/10\/CD-Jesuitinas-Cpto-Espa\u00f1a-sub-11-2019_5-5-225x300.jpg 225w, http:\/\/blogs.jesuitinaspamplona.org\/deportes\/wp-content\/uploads\/sites\/9\/2019\/10\/CD-Jesuitinas-Cpto-Espa\u00f1a-sub-11-2019_5-5-768x1024.jpg 768w, http:\/\/blogs.jesuitinaspamplona.org\/deportes\/wp-content\/uploads\/sites\/9\/2019\/10\/CD-Jesuitinas-Cpto-Espa\u00f1a-sub-11-2019_5-5.jpg 1200w\" sizes=\"(max-width: 225px) 100vw, 225px\" \/> <img loading=\"lazy\" class=\"alignnone size-medium wp-image-1399\" src=\"http:\/\/blogs.jesuitinaspamplona.org\/deportes\/wp-content\/uploads\/sites\/9\/2019\/10\/CD-Jesuitinas-Cpto-Espa\u00f1a-sub-11-2019_5-2-300x169.jpg\" alt=\"\" width=\"300\" height=\"169\" srcset=\"http:\/\/blogs.jesuitinaspamplona.org\/deportes\/wp-content\/uploads\/sites\/9\/2019\/10\/CD-Jesuitinas-Cpto-Espa\u00f1a-sub-11-2019_5-2-300x169.jpg 300w, http:\/\/blogs.jesuitinaspamplona.org\/deportes\/wp-content\/uploads\/sites\/9\/2019\/10\/CD-Jesuitinas-Cpto-Espa\u00f1a-sub-11-2019_5-2-768x432.jpg 768w, http:\/\/blogs.jesuitinaspamplona.org\/deportes\/wp-content\/uploads\/sites\/9\/2019\/10\/CD-Jesuitinas-Cpto-Espa\u00f1a-sub-11-2019_5-2-1024x576.jpg 1024w, http:\/\/blogs.jesuitinaspamplona.org\/deportes\/wp-content\/uploads\/sites\/9\/2019\/10\/CD-Jesuitinas-Cpto-Espa\u00f1a-sub-11-2019_5-2.jpg 1600w\" sizes=\"(max-width: 300px) 100vw, 300px\" \/><\/p>\n<p>&nbsp;<\/p>\n<p>DE MANCHESTER A VALENCIA: UN CAMPEONATO PARA EL RECUERDO<\/p>\n<p><img loading=\"lazy\" class=\"size-medium wp-image-1395 alignleft\" src=\"http:\/\/blogs.jesuitinaspamplona.org\/deportes\/wp-content\/uploads\/sites\/9\/2019\/10\/CD-Jesuitinas-Cpto-Espa\u00f1a-sub-11-2019_448_redimensionar-1-150x300.jpg\" alt=\"\" width=\"150\" height=\"300\" srcset=\"http:\/\/blogs.jesuitinaspamplona.org\/deportes\/wp-content\/uploads\/sites\/9\/2019\/10\/CD-Jesuitinas-Cpto-Espa\u00f1a-sub-11-2019_448_redimensionar-1-150x300.jpg 150w, http:\/\/blogs.jesuitinaspamplona.org\/deportes\/wp-content\/uploads\/sites\/9\/2019\/10\/CD-Jesuitinas-Cpto-Espa\u00f1a-sub-11-2019_448_redimensionar-1.jpg 200w\" sizes=\"(max-width: 150px) 100vw, 150px\" \/>Al hacer balance de conjunto de todo el Campeonato, Jose Gabari \u2013manager del equipo- destaca que \u201c<em>ha sido impresionante el campeonato <img loading=\"lazy\" class=\"size-medium wp-image-1394 alignright\" src=\"http:\/\/blogs.jesuitinaspamplona.org\/deportes\/wp-content\/uploads\/sites\/9\/2019\/10\/CD-Jesuitinas-Cpto-Espa\u00f1a-sub-11-2019_447_redimensionar-1-150x300.jpg\" alt=\"\" width=\"150\" height=\"300\" srcset=\"http:\/\/blogs.jesuitinaspamplona.org\/deportes\/wp-content\/uploads\/sites\/9\/2019\/10\/CD-Jesuitinas-Cpto-Espa\u00f1a-sub-11-2019_447_redimensionar-1-150x300.jpg 150w, http:\/\/blogs.jesuitinaspamplona.org\/deportes\/wp-content\/uploads\/sites\/9\/2019\/10\/CD-Jesuitinas-Cpto-Espa\u00f1a-sub-11-2019_447_redimensionar-1.jpg 200w\" sizes=\"(max-width: 150px) 100vw, 150px\" \/>que ha realizado el equipo, luchando hasta el final todos los partidos<\/em>\u201d. Por su parte, Alberto De la Iglesia \u2013delegado del equipo- quiere \u201c<em>destacar el excelente ambiente en general, tanto en el campo como en las gradas, con cientos de familiares y aficionados apoyando a sus equipos en la gran fiesta del b\u00e9isbol nacional de cantera<\/em>\u201d.\u00a0 Felicitamos a nuestro jugador<strong> Eder Rinc\u00f3n<\/strong> -el inimitable \u00ab<em>Hombre Hierba\u00bb<\/em>-, que fue uno de los jugadores elegidos como MVP (<em>Most Valuable Player<\/em>).<\/p>\n<p>Y nos enorgullece haber podido facilitar el viaje <strong>desde Manchester<\/strong> a dos de nuestros jugadores: <strong><em>Nicol\u00e1s y Ouka Jumpe <\/em><\/strong>-exalumnos del Colegio- que marcharon a esta ciudad en verano pero que siguieron entrenando para poder estar con el equipo para esa aventura.<\/p>\n<p>\u00a1Nico, Ouka, nos veremos enseguida de nuevo!<\/p>\n<p>&nbsp;<\/p>\n<p>&nbsp;<\/p>\n<p>&nbsp;<\/p>\n<p><img loading=\"lazy\" class=\"wp-image-1390 size-full aligncenter\" src=\"http:\/\/blogs.jesuitinaspamplona.org\/deportes\/wp-content\/uploads\/sites\/9\/2019\/10\/CD-Jesuitinas-Cpto-Espa\u00f1a-sub-11-2019_-3_redimensionar.jpg\" alt=\"\" width=\"533\" height=\"400\" srcset=\"http:\/\/blogs.jesuitinaspamplona.org\/deportes\/wp-content\/uploads\/sites\/9\/2019\/10\/CD-Jesuitinas-Cpto-Espa\u00f1a-sub-11-2019_-3_redimensionar.jpg 533w, http:\/\/blogs.jesuitinaspamplona.org\/deportes\/wp-content\/uploads\/sites\/9\/2019\/10\/CD-Jesuitinas-Cpto-Espa\u00f1a-sub-11-2019_-3_redimensionar-300x225.jpg 300w\" sizes=\"(max-width: 533px) 100vw, 533px\" \/><\/p>\n<p>Desde el Club <strong>valoramos muy positivamente este resultado<\/strong>: <strong>hemos trabajado mucho y bien <\/strong>durante todo el curso y todo el verano para <strong>estar a la altura, y desde luego, lo hemos conseguido <\/strong>con creces: hemos sido<strong> el equipo revelaci\u00f3n<\/strong>, y el nombre de<strong> Jesuitinas resuena de nuevo en el b\u00e9isbol nacional<\/strong>. Ha sido un nuevo hito deportivo en los 17 a\u00f1os de historia de la secci\u00f3n de b\u00e9isbol del CD Jesuitinas. Desde el club, agradecemos a todos los entrenadores por su gran trabajo, y a todas las familias y entidades que nos hab\u00e9is apoyado para cumplir este sue\u00f1o que queremos repetir en a\u00f1os venideros. <strong>Y como siempre, os invitamos a todos los chicos y chicas del Colegio a jugar a nuestro deporte<\/strong>. <span style=\"color: #0000ff;\">#contigoVAMOS<\/span><\/p>\n<p><img loading=\"lazy\" class=\"aligncenter wp-image-1371 size-full\" src=\"http:\/\/blogs.jesuitinaspamplona.org\/deportes\/wp-content\/uploads\/sites\/9\/2019\/10\/CD-Jesuitinas-Cpto-Espa\u00f1a-sub-11-2019_450_redimensionar.jpg\" alt=\"\" width=\"600\" height=\"337\" srcset=\"http:\/\/blogs.jesuitinaspamplona.org\/deportes\/wp-content\/uploads\/sites\/9\/2019\/10\/CD-Jesuitinas-Cpto-Espa\u00f1a-sub-11-2019_450_redimensionar.jpg 600w, http:\/\/blogs.jesuitinaspamplona.org\/deportes\/wp-content\/uploads\/sites\/9\/2019\/10\/CD-Jesuitinas-Cpto-Espa\u00f1a-sub-11-2019_450_redimensionar-300x169.jpg 300w\" sizes=\"(max-width: 600px) 100vw, 600px\" \/><\/p>\n<p>Os dejamos con este<strong> v\u00eddeo resumen<\/strong> que nos ha preparado Alberto:<\/p>\n<p><iframe loading=\"lazy\" width=\"1200\" height=\"900\" src=\"https:\/\/www.youtube.com\/embed\/j_-8uafWvZE?feature=oembed\" frameborder=\"0\" allow=\"accelerometer; autoplay; encrypted-media; gyroscope; picture-in-picture\" allowfullscreen><\/iframe><\/p>\n<p>&nbsp;<\/p>\n<p>Y <strong>esta galer\u00eda de fotos, con un poco de todo:<\/strong><\/p>\n<div id='gallery-1' class='gallery galleryid-1352 gallery-columns-3 gallery-size-medium'><figure class='gallery-item'>\n\t\t\t<div class='gallery-icon landscape'>\n\t\t\t\t<a href='http:\/\/blogs.jesuitinaspamplona.org\/deportes\/el-equipo-de-beisbol-del-colegio-4o-en-el-campeonato-de-espana-sub-11\/cd-jesuitinas-cpto-espana-sub-11-valencia-2019_-204_redimensionar\/#main'><img width=\"300\" height=\"225\" src=\"http:\/\/blogs.jesuitinaspamplona.org\/deportes\/wp-content\/uploads\/sites\/9\/2019\/10\/CD-Jesuitinas-Cpto-Espa\u00f1a-sub-11-Valencia-2019_-204_redimensionar-300x225.jpg\" class=\"attachment-medium size-medium\" alt=\"\" loading=\"lazy\" srcset=\"http:\/\/blogs.jesuitinaspamplona.org\/deportes\/wp-content\/uploads\/sites\/9\/2019\/10\/CD-Jesuitinas-Cpto-Espa\u00f1a-sub-11-Valencia-2019_-204_redimensionar-300x225.jpg 300w, http:\/\/blogs.jesuitinaspamplona.org\/deportes\/wp-content\/uploads\/sites\/9\/2019\/10\/CD-Jesuitinas-Cpto-Espa\u00f1a-sub-11-Valencia-2019_-204_redimensionar-768x576.jpg 768w, http:\/\/blogs.jesuitinaspamplona.org\/deportes\/wp-content\/uploads\/sites\/9\/2019\/10\/CD-Jesuitinas-Cpto-Espa\u00f1a-sub-11-Valencia-2019_-204_redimensionar.jpg 800w\" sizes=\"(max-width: 300px) 100vw, 300px\" \/><\/a>\n\t\t\t<\/div><\/figure><figure class='gallery-item'>\n\t\t\t<div class='gallery-icon landscape'>\n\t\t\t\t<a href='http:\/\/blogs.jesuitinaspamplona.org\/deportes\/el-equipo-de-beisbol-del-colegio-4o-en-el-campeonato-de-espana-sub-11\/cd-jesuitinas-cpto-espana-sub-11-valencia-2019_-129_redimensionar\/#main'><img width=\"300\" height=\"225\" src=\"http:\/\/blogs.jesuitinaspamplona.org\/deportes\/wp-content\/uploads\/sites\/9\/2019\/10\/CD-Jesuitinas-Cpto-Espa\u00f1a-sub-11-Valencia-2019_-129_redimensionar-300x225.jpg\" class=\"attachment-medium size-medium\" alt=\"\" loading=\"lazy\" srcset=\"http:\/\/blogs.jesuitinaspamplona.org\/deportes\/wp-content\/uploads\/sites\/9\/2019\/10\/CD-Jesuitinas-Cpto-Espa\u00f1a-sub-11-Valencia-2019_-129_redimensionar-300x225.jpg 300w, http:\/\/blogs.jesuitinaspamplona.org\/deportes\/wp-content\/uploads\/sites\/9\/2019\/10\/CD-Jesuitinas-Cpto-Espa\u00f1a-sub-11-Valencia-2019_-129_redimensionar-768x576.jpg 768w, http:\/\/blogs.jesuitinaspamplona.org\/deportes\/wp-content\/uploads\/sites\/9\/2019\/10\/CD-Jesuitinas-Cpto-Espa\u00f1a-sub-11-Valencia-2019_-129_redimensionar.jpg 800w\" sizes=\"(max-width: 300px) 100vw, 300px\" \/><\/a>\n\t\t\t<\/div><\/figure><figure class='gallery-item'>\n\t\t\t<div class='gallery-icon landscape'>\n\t\t\t\t<a href='http:\/\/blogs.jesuitinaspamplona.org\/deportes\/el-equipo-de-beisbol-del-colegio-4o-en-el-campeonato-de-espana-sub-11\/cd-jesuitinas-cpto-espana-sub-11-valencia-2019_-135\/#main'><img width=\"300\" height=\"225\" src=\"http:\/\/blogs.jesuitinaspamplona.org\/deportes\/wp-content\/uploads\/sites\/9\/2019\/10\/CD-Jesuitinas-Cpto-Espa\u00f1a-sub-11-Valencia-2019_-135-300x225.jpg\" class=\"attachment-medium size-medium\" alt=\"\" loading=\"lazy\" srcset=\"http:\/\/blogs.jesuitinaspamplona.org\/deportes\/wp-content\/uploads\/sites\/9\/2019\/10\/CD-Jesuitinas-Cpto-Espa\u00f1a-sub-11-Valencia-2019_-135-300x225.jpg 300w, http:\/\/blogs.jesuitinaspamplona.org\/deportes\/wp-content\/uploads\/sites\/9\/2019\/10\/CD-Jesuitinas-Cpto-Espa\u00f1a-sub-11-Valencia-2019_-135-768x576.jpg 768w, http:\/\/blogs.jesuitinaspamplona.org\/deportes\/wp-content\/uploads\/sites\/9\/2019\/10\/CD-Jesuitinas-Cpto-Espa\u00f1a-sub-11-Valencia-2019_-135-1024x768.jpg 1024w, http:\/\/blogs.jesuitinaspamplona.org\/deportes\/wp-content\/uploads\/sites\/9\/2019\/10\/CD-Jesuitinas-Cpto-Espa\u00f1a-sub-11-Valencia-2019_-135.jpg 1600w\" sizes=\"(max-width: 300px) 100vw, 300px\" \/><\/a>\n\t\t\t<\/div><\/figure><figure class='gallery-item'>\n\t\t\t<div class='gallery-icon landscape'>\n\t\t\t\t<a href='http:\/\/blogs.jesuitinaspamplona.org\/deportes\/el-equipo-de-beisbol-del-colegio-4o-en-el-campeonato-de-espana-sub-11\/cd-jesuitinas-cpto-espana-sub-11-valencia-2019_-180_redimensionar\/#main'><img width=\"300\" height=\"225\" src=\"http:\/\/blogs.jesuitinaspamplona.org\/deportes\/wp-content\/uploads\/sites\/9\/2019\/10\/CD-Jesuitinas-Cpto-Espa\u00f1a-sub-11-Valencia-2019_-180_redimensionar-300x225.jpg\" class=\"attachment-medium size-medium\" alt=\"\" loading=\"lazy\" srcset=\"http:\/\/blogs.jesuitinaspamplona.org\/deportes\/wp-content\/uploads\/sites\/9\/2019\/10\/CD-Jesuitinas-Cpto-Espa\u00f1a-sub-11-Valencia-2019_-180_redimensionar-300x225.jpg 300w, http:\/\/blogs.jesuitinaspamplona.org\/deportes\/wp-content\/uploads\/sites\/9\/2019\/10\/CD-Jesuitinas-Cpto-Espa\u00f1a-sub-11-Valencia-2019_-180_redimensionar-768x576.jpg 768w, http:\/\/blogs.jesuitinaspamplona.org\/deportes\/wp-content\/uploads\/sites\/9\/2019\/10\/CD-Jesuitinas-Cpto-Espa\u00f1a-sub-11-Valencia-2019_-180_redimensionar.jpg 800w\" sizes=\"(max-width: 300px) 100vw, 300px\" \/><\/a>\n\t\t\t<\/div><\/figure><figure class='gallery-item'>\n\t\t\t<div class='gallery-icon landscape'>\n\t\t\t\t<a href='http:\/\/blogs.jesuitinaspamplona.org\/deportes\/el-equipo-de-beisbol-del-colegio-4o-en-el-campeonato-de-espana-sub-11\/cd-jesuitinas-cpto-espana-sub-11-2019_443\/#main'><img width=\"300\" height=\"169\" src=\"http:\/\/blogs.jesuitinaspamplona.org\/deportes\/wp-content\/uploads\/sites\/9\/2019\/10\/CD-Jesuitinas-Cpto-Espa\u00f1a-sub-11-2019_443-300x169.jpg\" class=\"attachment-medium size-medium\" alt=\"\" loading=\"lazy\" srcset=\"http:\/\/blogs.jesuitinaspamplona.org\/deportes\/wp-content\/uploads\/sites\/9\/2019\/10\/CD-Jesuitinas-Cpto-Espa\u00f1a-sub-11-2019_443-300x169.jpg 300w, http:\/\/blogs.jesuitinaspamplona.org\/deportes\/wp-content\/uploads\/sites\/9\/2019\/10\/CD-Jesuitinas-Cpto-Espa\u00f1a-sub-11-2019_443-768x432.jpg 768w, http:\/\/blogs.jesuitinaspamplona.org\/deportes\/wp-content\/uploads\/sites\/9\/2019\/10\/CD-Jesuitinas-Cpto-Espa\u00f1a-sub-11-2019_443-1024x576.jpg 1024w, http:\/\/blogs.jesuitinaspamplona.org\/deportes\/wp-content\/uploads\/sites\/9\/2019\/10\/CD-Jesuitinas-Cpto-Espa\u00f1a-sub-11-2019_443.jpg 1600w\" sizes=\"(max-width: 300px) 100vw, 300px\" \/><\/a>\n\t\t\t<\/div><\/figure><figure class='gallery-item'>\n\t\t\t<div class='gallery-icon portrait'>\n\t\t\t\t<a href='http:\/\/blogs.jesuitinaspamplona.org\/deportes\/el-equipo-de-beisbol-del-colegio-4o-en-el-campeonato-de-espana-sub-11\/cd-jesuitinas-cpto-espana-sub-11-valencia-2019_-269_redimensionar\/#main'><img width=\"225\" height=\"300\" src=\"http:\/\/blogs.jesuitinaspamplona.org\/deportes\/wp-content\/uploads\/sites\/9\/2019\/10\/CD-Jesuitinas-Cpto-Espa\u00f1a-sub-11-Valencia-2019_-269_redimensionar-225x300.jpg\" class=\"attachment-medium size-medium\" alt=\"\" loading=\"lazy\" srcset=\"http:\/\/blogs.jesuitinaspamplona.org\/deportes\/wp-content\/uploads\/sites\/9\/2019\/10\/CD-Jesuitinas-Cpto-Espa\u00f1a-sub-11-Valencia-2019_-269_redimensionar-225x300.jpg 225w, http:\/\/blogs.jesuitinaspamplona.org\/deportes\/wp-content\/uploads\/sites\/9\/2019\/10\/CD-Jesuitinas-Cpto-Espa\u00f1a-sub-11-Valencia-2019_-269_redimensionar.jpg 450w\" sizes=\"(max-width: 225px) 100vw, 225px\" \/><\/a>\n\t\t\t<\/div><\/figure><figure class='gallery-item'>\n\t\t\t<div class='gallery-icon landscape'>\n\t\t\t\t<a href='http:\/\/blogs.jesuitinaspamplona.org\/deportes\/el-equipo-de-beisbol-del-colegio-4o-en-el-campeonato-de-espana-sub-11\/cd-jesuitinas-cpto-espana-sub-11-2019_441_redimensionar\/#main'><img width=\"300\" height=\"225\" src=\"http:\/\/blogs.jesuitinaspamplona.org\/deportes\/wp-content\/uploads\/sites\/9\/2019\/10\/CD-Jesuitinas-Cpto-Espa\u00f1a-sub-11-2019_441_redimensionar-300x225.jpg\" class=\"attachment-medium size-medium\" alt=\"\" loading=\"lazy\" srcset=\"http:\/\/blogs.jesuitinaspamplona.org\/deportes\/wp-content\/uploads\/sites\/9\/2019\/10\/CD-Jesuitinas-Cpto-Espa\u00f1a-sub-11-2019_441_redimensionar-300x225.jpg 300w, http:\/\/blogs.jesuitinaspamplona.org\/deportes\/wp-content\/uploads\/sites\/9\/2019\/10\/CD-Jesuitinas-Cpto-Espa\u00f1a-sub-11-2019_441_redimensionar.jpg 533w\" sizes=\"(max-width: 300px) 100vw, 300px\" \/><\/a>\n\t\t\t<\/div><\/figure><figure class='gallery-item'>\n\t\t\t<div class='gallery-icon portrait'>\n\t\t\t\t<a href='http:\/\/blogs.jesuitinaspamplona.org\/deportes\/el-equipo-de-beisbol-del-colegio-4o-en-el-campeonato-de-espana-sub-11\/cd-jesuitinas-cpto-espana-sub-11-valencia-2019_-136_redimensionar\/#main'><img width=\"169\" height=\"300\" src=\"http:\/\/blogs.jesuitinaspamplona.org\/deportes\/wp-content\/uploads\/sites\/9\/2019\/10\/CD-Jesuitinas-Cpto-Espa\u00f1a-sub-11-Valencia-2019_-136_redimensionar-169x300.jpg\" class=\"attachment-medium size-medium\" alt=\"\" loading=\"lazy\" srcset=\"http:\/\/blogs.jesuitinaspamplona.org\/deportes\/wp-content\/uploads\/sites\/9\/2019\/10\/CD-Jesuitinas-Cpto-Espa\u00f1a-sub-11-Valencia-2019_-136_redimensionar-169x300.jpg 169w, http:\/\/blogs.jesuitinaspamplona.org\/deportes\/wp-content\/uploads\/sites\/9\/2019\/10\/CD-Jesuitinas-Cpto-Espa\u00f1a-sub-11-Valencia-2019_-136_redimensionar.jpg 337w\" sizes=\"(max-width: 169px) 100vw, 169px\" \/><\/a>\n\t\t\t<\/div><\/figure><figure class='gallery-item'>\n\t\t\t<div class='gallery-icon landscape'>\n\t\t\t\t<a href='http:\/\/blogs.jesuitinaspamplona.org\/deportes\/el-equipo-de-beisbol-del-colegio-4o-en-el-campeonato-de-espana-sub-11\/cd-jesuitinas-cpto-espana-sub-11-valencia-2019_-154_redimensionar\/#main'><img width=\"300\" height=\"169\" src=\"http:\/\/blogs.jesuitinaspamplona.org\/deportes\/wp-content\/uploads\/sites\/9\/2019\/10\/CD-Jesuitinas-Cpto-Espa\u00f1a-sub-11-Valencia-2019_-154_redimensionar-300x169.jpg\" class=\"attachment-medium size-medium\" alt=\"\" loading=\"lazy\" srcset=\"http:\/\/blogs.jesuitinaspamplona.org\/deportes\/wp-content\/uploads\/sites\/9\/2019\/10\/CD-Jesuitinas-Cpto-Espa\u00f1a-sub-11-Valencia-2019_-154_redimensionar-300x169.jpg 300w, http:\/\/blogs.jesuitinaspamplona.org\/deportes\/wp-content\/uploads\/sites\/9\/2019\/10\/CD-Jesuitinas-Cpto-Espa\u00f1a-sub-11-Valencia-2019_-154_redimensionar-768x432.jpg 768w, http:\/\/blogs.jesuitinaspamplona.org\/deportes\/wp-content\/uploads\/sites\/9\/2019\/10\/CD-Jesuitinas-Cpto-Espa\u00f1a-sub-11-Valencia-2019_-154_redimensionar.jpg 800w\" sizes=\"(max-width: 300px) 100vw, 300px\" \/><\/a>\n\t\t\t<\/div><\/figure><figure class='gallery-item'>\n\t\t\t<div class='gallery-icon landscape'>\n\t\t\t\t<a href='http:\/\/blogs.jesuitinaspamplona.org\/deportes\/el-equipo-de-beisbol-del-colegio-4o-en-el-campeonato-de-espana-sub-11\/cd-jesuitinas-cpto-espana-sub-11-2019_-25_redimensionar\/#main'><img width=\"300\" height=\"169\" src=\"http:\/\/blogs.jesuitinaspamplona.org\/deportes\/wp-content\/uploads\/sites\/9\/2019\/10\/CD-Jesuitinas-Cpto-Espa\u00f1a-sub-11-2019_-25_redimensionar-300x169.jpg\" class=\"attachment-medium size-medium\" alt=\"\" loading=\"lazy\" srcset=\"http:\/\/blogs.jesuitinaspamplona.org\/deportes\/wp-content\/uploads\/sites\/9\/2019\/10\/CD-Jesuitinas-Cpto-Espa\u00f1a-sub-11-2019_-25_redimensionar-300x169.jpg 300w, http:\/\/blogs.jesuitinaspamplona.org\/deportes\/wp-content\/uploads\/sites\/9\/2019\/10\/CD-Jesuitinas-Cpto-Espa\u00f1a-sub-11-2019_-25_redimensionar.jpg 600w\" sizes=\"(max-width: 300px) 100vw, 300px\" \/><\/a>\n\t\t\t<\/div><\/figure><figure class='gallery-item'>\n\t\t\t<div class='gallery-icon landscape'>\n\t\t\t\t<a href='http:\/\/blogs.jesuitinaspamplona.org\/deportes\/el-equipo-de-beisbol-del-colegio-4o-en-el-campeonato-de-espana-sub-11\/cd-jesuitinas-cpto-espana-sub-11-2019_454_redimensionar-2\/#main'><img width=\"300\" height=\"225\" src=\"http:\/\/blogs.jesuitinaspamplona.org\/deportes\/wp-content\/uploads\/sites\/9\/2019\/10\/CD-Jesuitinas-Cpto-Espa\u00f1a-sub-11-2019_454_redimensionar-1-300x225.jpg\" class=\"attachment-medium size-medium\" alt=\"\" loading=\"lazy\" srcset=\"http:\/\/blogs.jesuitinaspamplona.org\/deportes\/wp-content\/uploads\/sites\/9\/2019\/10\/CD-Jesuitinas-Cpto-Espa\u00f1a-sub-11-2019_454_redimensionar-1-300x225.jpg 300w, http:\/\/blogs.jesuitinaspamplona.org\/deportes\/wp-content\/uploads\/sites\/9\/2019\/10\/CD-Jesuitinas-Cpto-Espa\u00f1a-sub-11-2019_454_redimensionar-1.jpg 533w\" sizes=\"(max-width: 300px) 100vw, 300px\" \/><\/a>\n\t\t\t<\/div><\/figure><figure class='gallery-item'>\n\t\t\t<div class='gallery-icon landscape'>\n\t\t\t\t<a href='http:\/\/blogs.jesuitinaspamplona.org\/deportes\/el-equipo-de-beisbol-del-colegio-4o-en-el-campeonato-de-espana-sub-11\/cd-jesuitinas-cpto-espana-sub-11-valencia-2019_-151_redimensionar\/#main'><img width=\"300\" height=\"225\" src=\"http:\/\/blogs.jesuitinaspamplona.org\/deportes\/wp-content\/uploads\/sites\/9\/2019\/10\/CD-Jesuitinas-Cpto-Espa\u00f1a-sub-11-Valencia-2019_-151_redimensionar-300x225.jpg\" class=\"attachment-medium size-medium\" alt=\"\" loading=\"lazy\" srcset=\"http:\/\/blogs.jesuitinaspamplona.org\/deportes\/wp-content\/uploads\/sites\/9\/2019\/10\/CD-Jesuitinas-Cpto-Espa\u00f1a-sub-11-Valencia-2019_-151_redimensionar-300x225.jpg 300w, http:\/\/blogs.jesuitinaspamplona.org\/deportes\/wp-content\/uploads\/sites\/9\/2019\/10\/CD-Jesuitinas-Cpto-Espa\u00f1a-sub-11-Valencia-2019_-151_redimensionar-768x576.jpg 768w, http:\/\/blogs.jesuitinaspamplona.org\/deportes\/wp-content\/uploads\/sites\/9\/2019\/10\/CD-Jesuitinas-Cpto-Espa\u00f1a-sub-11-Valencia-2019_-151_redimensionar.jpg 800w\" sizes=\"(max-width: 300px) 100vw, 300px\" \/><\/a>\n\t\t\t<\/div><\/figure><figure class='gallery-item'>\n\t\t\t<div class='gallery-icon portrait'>\n\t\t\t\t<a href='http:\/\/blogs.jesuitinaspamplona.org\/deportes\/el-equipo-de-beisbol-del-colegio-4o-en-el-campeonato-de-espana-sub-11\/cd-jesuitinas-cpto-espana-sub-11-valencia-2019_-159_redimensionar\/#main'><img width=\"169\" height=\"300\" src=\"http:\/\/blogs.jesuitinaspamplona.org\/deportes\/wp-content\/uploads\/sites\/9\/2019\/10\/CD-Jesuitinas-Cpto-Espa\u00f1a-sub-11-Valencia-2019_-159_redimensionar-169x300.jpg\" class=\"attachment-medium size-medium\" alt=\"\" loading=\"lazy\" srcset=\"http:\/\/blogs.jesuitinaspamplona.org\/deportes\/wp-content\/uploads\/sites\/9\/2019\/10\/CD-Jesuitinas-Cpto-Espa\u00f1a-sub-11-Valencia-2019_-159_redimensionar-169x300.jpg 169w, http:\/\/blogs.jesuitinaspamplona.org\/deportes\/wp-content\/uploads\/sites\/9\/2019\/10\/CD-Jesuitinas-Cpto-Espa\u00f1a-sub-11-Valencia-2019_-159_redimensionar.jpg 337w\" sizes=\"(max-width: 169px) 100vw, 169px\" \/><\/a>\n\t\t\t<\/div><\/figure><figure class='gallery-item'>\n\t\t\t<div class='gallery-icon portrait'>\n\t\t\t\t<a href='http:\/\/blogs.jesuitinaspamplona.org\/deportes\/el-equipo-de-beisbol-del-colegio-4o-en-el-campeonato-de-espana-sub-11\/cd-jesuitinas-cpto-espana-sub-11-valencia-2019_-116_redimensionar\/#main'><img width=\"296\" height=\"300\" src=\"http:\/\/blogs.jesuitinaspamplona.org\/deportes\/wp-content\/uploads\/sites\/9\/2019\/10\/CD-Jesuitinas-Cpto-Espa\u00f1a-sub-11-Valencia-2019_-116_redimensionar-296x300.jpg\" class=\"attachment-medium size-medium\" alt=\"\" loading=\"lazy\" srcset=\"http:\/\/blogs.jesuitinaspamplona.org\/deportes\/wp-content\/uploads\/sites\/9\/2019\/10\/CD-Jesuitinas-Cpto-Espa\u00f1a-sub-11-Valencia-2019_-116_redimensionar-296x300.jpg 296w, http:\/\/blogs.jesuitinaspamplona.org\/deportes\/wp-content\/uploads\/sites\/9\/2019\/10\/CD-Jesuitinas-Cpto-Espa\u00f1a-sub-11-Valencia-2019_-116_redimensionar.jpg 591w\" sizes=\"(max-width: 296px) 100vw, 296px\" \/><\/a>\n\t\t\t<\/div><\/figure><figure class='gallery-item'>\n\t\t\t<div class='gallery-icon landscape'>\n\t\t\t\t<a href='http:\/\/blogs.jesuitinaspamplona.org\/deportes\/el-equipo-de-beisbol-del-colegio-4o-en-el-campeonato-de-espana-sub-11\/cd-jesuitinas-cpto-espana-sub-11-valencia-2019_-198_redimensionar\/#main'><img width=\"300\" height=\"225\" src=\"http:\/\/blogs.jesuitinaspamplona.org\/deportes\/wp-content\/uploads\/sites\/9\/2019\/10\/CD-Jesuitinas-Cpto-Espa\u00f1a-sub-11-Valencia-2019_-198_redimensionar-300x225.jpg\" class=\"attachment-medium size-medium\" alt=\"\" loading=\"lazy\" srcset=\"http:\/\/blogs.jesuitinaspamplona.org\/deportes\/wp-content\/uploads\/sites\/9\/2019\/10\/CD-Jesuitinas-Cpto-Espa\u00f1a-sub-11-Valencia-2019_-198_redimensionar-300x225.jpg 300w, http:\/\/blogs.jesuitinaspamplona.org\/deportes\/wp-content\/uploads\/sites\/9\/2019\/10\/CD-Jesuitinas-Cpto-Espa\u00f1a-sub-11-Valencia-2019_-198_redimensionar-768x576.jpg 768w, http:\/\/blogs.jesuitinaspamplona.org\/deportes\/wp-content\/uploads\/sites\/9\/2019\/10\/CD-Jesuitinas-Cpto-Espa\u00f1a-sub-11-Valencia-2019_-198_redimensionar.jpg 800w\" sizes=\"(max-width: 300px) 100vw, 300px\" \/><\/a>\n\t\t\t<\/div><\/figure><figure class='gallery-item'>\n\t\t\t<div class='gallery-icon landscape'>\n\t\t\t\t<a href='http:\/\/blogs.jesuitinaspamplona.org\/deportes\/el-equipo-de-beisbol-del-colegio-4o-en-el-campeonato-de-espana-sub-11\/cd-jesuitinas-cpto-espana-sub-11-valencia-2019_-248_redimensionar\/#main'><img width=\"300\" height=\"169\" src=\"http:\/\/blogs.jesuitinaspamplona.org\/deportes\/wp-content\/uploads\/sites\/9\/2019\/10\/CD-Jesuitinas-Cpto-Espa\u00f1a-sub-11-Valencia-2019_-248_redimensionar-300x169.jpg\" class=\"attachment-medium size-medium\" alt=\"\" loading=\"lazy\" srcset=\"http:\/\/blogs.jesuitinaspamplona.org\/deportes\/wp-content\/uploads\/sites\/9\/2019\/10\/CD-Jesuitinas-Cpto-Espa\u00f1a-sub-11-Valencia-2019_-248_redimensionar-300x169.jpg 300w, http:\/\/blogs.jesuitinaspamplona.org\/deportes\/wp-content\/uploads\/sites\/9\/2019\/10\/CD-Jesuitinas-Cpto-Espa\u00f1a-sub-11-Valencia-2019_-248_redimensionar-768x432.jpg 768w, http:\/\/blogs.jesuitinaspamplona.org\/deportes\/wp-content\/uploads\/sites\/9\/2019\/10\/CD-Jesuitinas-Cpto-Espa\u00f1a-sub-11-Valencia-2019_-248_redimensionar.jpg 800w\" sizes=\"(max-width: 300px) 100vw, 300px\" \/><\/a>\n\t\t\t<\/div><\/figure><figure class='gallery-item'>\n\t\t\t<div class='gallery-icon portrait'>\n\t\t\t\t<a href='http:\/\/blogs.jesuitinaspamplona.org\/deportes\/el-equipo-de-beisbol-del-colegio-4o-en-el-campeonato-de-espana-sub-11\/cd-jesuitinas-cpto-espana-sub-11-2019_439\/#main'><img width=\"169\" height=\"300\" src=\"http:\/\/blogs.jesuitinaspamplona.org\/deportes\/wp-content\/uploads\/sites\/9\/2019\/10\/CD-Jesuitinas-Cpto-Espa\u00f1a-sub-11-2019_439-169x300.jpg\" class=\"attachment-medium size-medium\" alt=\"\" loading=\"lazy\" srcset=\"http:\/\/blogs.jesuitinaspamplona.org\/deportes\/wp-content\/uploads\/sites\/9\/2019\/10\/CD-Jesuitinas-Cpto-Espa\u00f1a-sub-11-2019_439-169x300.jpg 169w, http:\/\/blogs.jesuitinaspamplona.org\/deportes\/wp-content\/uploads\/sites\/9\/2019\/10\/CD-Jesuitinas-Cpto-Espa\u00f1a-sub-11-2019_439-768x1365.jpg 768w, http:\/\/blogs.jesuitinaspamplona.org\/deportes\/wp-content\/uploads\/sites\/9\/2019\/10\/CD-Jesuitinas-Cpto-Espa\u00f1a-sub-11-2019_439-576x1024.jpg 576w, http:\/\/blogs.jesuitinaspamplona.org\/deportes\/wp-content\/uploads\/sites\/9\/2019\/10\/CD-Jesuitinas-Cpto-Espa\u00f1a-sub-11-2019_439.jpg 900w\" sizes=\"(max-width: 169px) 100vw, 169px\" \/><\/a>\n\t\t\t<\/div><\/figure><figure class='gallery-item'>\n\t\t\t<div class='gallery-icon portrait'>\n\t\t\t\t<a href='http:\/\/blogs.jesuitinaspamplona.org\/deportes\/el-equipo-de-beisbol-del-colegio-4o-en-el-campeonato-de-espana-sub-11\/edf-13\/#main'><img width=\"225\" height=\"300\" src=\"http:\/\/blogs.jesuitinaspamplona.org\/deportes\/wp-content\/uploads\/sites\/9\/2019\/10\/CD-Jesuitinas-Cpto-Espa\u00f1a-sub-11-Valencia-2019_-5_redimensionar-225x300.jpg\" class=\"attachment-medium size-medium\" alt=\"\" loading=\"lazy\" aria-describedby=\"gallery-1-1426\" srcset=\"http:\/\/blogs.jesuitinaspamplona.org\/deportes\/wp-content\/uploads\/sites\/9\/2019\/10\/CD-Jesuitinas-Cpto-Espa\u00f1a-sub-11-Valencia-2019_-5_redimensionar-225x300.jpg 225w, http:\/\/blogs.jesuitinaspamplona.org\/deportes\/wp-content\/uploads\/sites\/9\/2019\/10\/CD-Jesuitinas-Cpto-Espa\u00f1a-sub-11-Valencia-2019_-5_redimensionar.jpg 450w\" sizes=\"(max-width: 225px) 100vw, 225px\" \/><\/a>\n\t\t\t<\/div>\n\t\t\t\t<figcaption class='wp-caption-text gallery-caption' id='gallery-1-1426'>\n\t\t\t\tJabal\u00ed, nuestra mascota.\n\t\t\t\t<\/figcaption><\/figure><figure class='gallery-item'>\n\t\t\t<div class='gallery-icon landscape'>\n\t\t\t\t<a href='http:\/\/blogs.jesuitinaspamplona.org\/deportes\/el-equipo-de-beisbol-del-colegio-4o-en-el-campeonato-de-espana-sub-11\/cd-jesuitinas-cpto-espana-sub-11-valencia-2019_-268_redimensionar\/#main'><img width=\"300\" height=\"225\" src=\"http:\/\/blogs.jesuitinaspamplona.org\/deportes\/wp-content\/uploads\/sites\/9\/2019\/10\/CD-Jesuitinas-Cpto-Espa\u00f1a-sub-11-Valencia-2019_-268_redimensionar-300x225.jpg\" class=\"attachment-medium size-medium\" alt=\"\" loading=\"lazy\" srcset=\"http:\/\/blogs.jesuitinaspamplona.org\/deportes\/wp-content\/uploads\/sites\/9\/2019\/10\/CD-Jesuitinas-Cpto-Espa\u00f1a-sub-11-Valencia-2019_-268_redimensionar-300x225.jpg 300w, http:\/\/blogs.jesuitinaspamplona.org\/deportes\/wp-content\/uploads\/sites\/9\/2019\/10\/CD-Jesuitinas-Cpto-Espa\u00f1a-sub-11-Valencia-2019_-268_redimensionar-768x576.jpg 768w, http:\/\/blogs.jesuitinaspamplona.org\/deportes\/wp-content\/uploads\/sites\/9\/2019\/10\/CD-Jesuitinas-Cpto-Espa\u00f1a-sub-11-Valencia-2019_-268_redimensionar.jpg 800w\" sizes=\"(max-width: 300px) 100vw, 300px\" \/><\/a>\n\t\t\t<\/div><\/figure><figure class='gallery-item'>\n\t\t\t<div class='gallery-icon portrait'>\n\t\t\t\t<a href='http:\/\/blogs.jesuitinaspamplona.org\/deportes\/el-equipo-de-beisbol-del-colegio-4o-en-el-campeonato-de-espana-sub-11\/cd-jesuitinas-cpto-espana-sub-11-2019_-20_redimensionar\/#main'><img width=\"169\" height=\"300\" src=\"http:\/\/blogs.jesuitinaspamplona.org\/deportes\/wp-content\/uploads\/sites\/9\/2019\/10\/CD-Jesuitinas-Cpto-Espa\u00f1a-sub-11-2019_-20_redimensionar-169x300.jpg\" class=\"attachment-medium size-medium\" alt=\"\" loading=\"lazy\" srcset=\"http:\/\/blogs.jesuitinaspamplona.org\/deportes\/wp-content\/uploads\/sites\/9\/2019\/10\/CD-Jesuitinas-Cpto-Espa\u00f1a-sub-11-2019_-20_redimensionar-169x300.jpg 169w, http:\/\/blogs.jesuitinaspamplona.org\/deportes\/wp-content\/uploads\/sites\/9\/2019\/10\/CD-Jesuitinas-Cpto-Espa\u00f1a-sub-11-2019_-20_redimensionar.jpg 225w\" sizes=\"(max-width: 169px) 100vw, 169px\" \/><\/a>\n\t\t\t<\/div><\/figure><figure class='gallery-item'>\n\t\t\t<div class='gallery-icon landscape'>\n\t\t\t\t<a href='http:\/\/blogs.jesuitinaspamplona.org\/deportes\/el-equipo-de-beisbol-del-colegio-4o-en-el-campeonato-de-espana-sub-11\/dav\/#main'><img width=\"300\" height=\"225\" src=\"http:\/\/blogs.jesuitinaspamplona.org\/deportes\/wp-content\/uploads\/sites\/9\/2019\/10\/CD-Jesuitinas-Cpto-Espa\u00f1a-sub-11-Valencia-2019_-28_redimensionar-300x225.jpg\" class=\"attachment-medium size-medium\" alt=\"\" loading=\"lazy\" aria-describedby=\"gallery-1-1429\" srcset=\"http:\/\/blogs.jesuitinaspamplona.org\/deportes\/wp-content\/uploads\/sites\/9\/2019\/10\/CD-Jesuitinas-Cpto-Espa\u00f1a-sub-11-Valencia-2019_-28_redimensionar-300x225.jpg 300w, http:\/\/blogs.jesuitinaspamplona.org\/deportes\/wp-content\/uploads\/sites\/9\/2019\/10\/CD-Jesuitinas-Cpto-Espa\u00f1a-sub-11-Valencia-2019_-28_redimensionar-768x576.jpg 768w, http:\/\/blogs.jesuitinaspamplona.org\/deportes\/wp-content\/uploads\/sites\/9\/2019\/10\/CD-Jesuitinas-Cpto-Espa\u00f1a-sub-11-Valencia-2019_-28_redimensionar.jpg 800w\" sizes=\"(max-width: 300px) 100vw, 300px\" \/><\/a>\n\t\t\t<\/div>\n\t\t\t\t<figcaption class='wp-caption-text gallery-caption' id='gallery-1-1429'>\n\t\t\t\tIn the still of the night\n\t\t\t\t<\/figcaption><\/figure><figure class='gallery-item'>\n\t\t\t<div class='gallery-icon landscape'>\n\t\t\t\t<a href='http:\/\/blogs.jesuitinaspamplona.org\/deportes\/el-equipo-de-beisbol-del-colegio-4o-en-el-campeonato-de-espana-sub-11\/cd-jesuitinas-cpto-espana-sub-11-2019_443_redimensionar-2\/#main'><img width=\"300\" height=\"169\" src=\"http:\/\/blogs.jesuitinaspamplona.org\/deportes\/wp-content\/uploads\/sites\/9\/2019\/10\/CD-Jesuitinas-Cpto-Espa\u00f1a-sub-11-2019_443_redimensionar-1-300x169.jpg\" class=\"attachment-medium size-medium\" alt=\"\" loading=\"lazy\" srcset=\"http:\/\/blogs.jesuitinaspamplona.org\/deportes\/wp-content\/uploads\/sites\/9\/2019\/10\/CD-Jesuitinas-Cpto-Espa\u00f1a-sub-11-2019_443_redimensionar-1-300x169.jpg 300w, http:\/\/blogs.jesuitinaspamplona.org\/deportes\/wp-content\/uploads\/sites\/9\/2019\/10\/CD-Jesuitinas-Cpto-Espa\u00f1a-sub-11-2019_443_redimensionar-1.jpg 600w\" sizes=\"(max-width: 300px) 100vw, 300px\" \/><\/a>\n\t\t\t<\/div><\/figure><figure class='gallery-item'>\n\t\t\t<div class='gallery-icon portrait'>\n\t\t\t\t<a href='http:\/\/blogs.jesuitinaspamplona.org\/deportes\/el-equipo-de-beisbol-del-colegio-4o-en-el-campeonato-de-espana-sub-11\/cd-jesuitinas-cpto-espana-sub-11-valencia-2019_-239_redimensionar\/#main'><img width=\"169\" height=\"300\" src=\"http:\/\/blogs.jesuitinaspamplona.org\/deportes\/wp-content\/uploads\/sites\/9\/2019\/10\/CD-Jesuitinas-Cpto-Espa\u00f1a-sub-11-Valencia-2019_-239_redimensionar-169x300.jpg\" class=\"attachment-medium size-medium\" alt=\"\" loading=\"lazy\" aria-describedby=\"gallery-1-1461\" srcset=\"http:\/\/blogs.jesuitinaspamplona.org\/deportes\/wp-content\/uploads\/sites\/9\/2019\/10\/CD-Jesuitinas-Cpto-Espa\u00f1a-sub-11-Valencia-2019_-239_redimensionar-169x300.jpg 169w, http:\/\/blogs.jesuitinaspamplona.org\/deportes\/wp-content\/uploads\/sites\/9\/2019\/10\/CD-Jesuitinas-Cpto-Espa\u00f1a-sub-11-Valencia-2019_-239_redimensionar.jpg 337w\" sizes=\"(max-width: 169px) 100vw, 169px\" \/><\/a>\n\t\t\t<\/div>\n\t\t\t\t<figcaption class='wp-caption-text gallery-caption' id='gallery-1-1461'>\n\t\t\t\tEder Rinc\u00f3n, nuestro MVP\n\t\t\t\t<\/figcaption><\/figure><figure class='gallery-item'>\n\t\t\t<div class='gallery-icon landscape'>\n\t\t\t\t<a href='http:\/\/blogs.jesuitinaspamplona.org\/deportes\/el-equipo-de-beisbol-del-colegio-4o-en-el-campeonato-de-espana-sub-11\/cd-jesuitinas-cpto-espana-sub-11-2019_438_redimensionar\/#main'><img width=\"300\" height=\"225\" src=\"http:\/\/blogs.jesuitinaspamplona.org\/deportes\/wp-content\/uploads\/sites\/9\/2019\/10\/CD-Jesuitinas-Cpto-Espa\u00f1a-sub-11-2019_438_redimensionar-300x225.jpg\" class=\"attachment-medium size-medium\" alt=\"\" loading=\"lazy\" srcset=\"http:\/\/blogs.jesuitinaspamplona.org\/deportes\/wp-content\/uploads\/sites\/9\/2019\/10\/CD-Jesuitinas-Cpto-Espa\u00f1a-sub-11-2019_438_redimensionar-300x225.jpg 300w, http:\/\/blogs.jesuitinaspamplona.org\/deportes\/wp-content\/uploads\/sites\/9\/2019\/10\/CD-Jesuitinas-Cpto-Espa\u00f1a-sub-11-2019_438_redimensionar.jpg 533w\" sizes=\"(max-width: 300px) 100vw, 300px\" \/><\/a>\n\t\t\t<\/div><\/figure><figure class='gallery-item'>\n\t\t\t<div class='gallery-icon landscape'>\n\t\t\t\t<a href='http:\/\/blogs.jesuitinaspamplona.org\/deportes\/el-equipo-de-beisbol-del-colegio-4o-en-el-campeonato-de-espana-sub-11\/edf-15\/#main'><img width=\"300\" height=\"225\" src=\"http:\/\/blogs.jesuitinaspamplona.org\/deportes\/wp-content\/uploads\/sites\/9\/2019\/10\/CD-Jesuitinas-Cpto-Espa\u00f1a-sub-11-Valencia-2019_-15_redimensionar-300x225.jpg\" class=\"attachment-medium size-medium\" alt=\"\" loading=\"lazy\" srcset=\"http:\/\/blogs.jesuitinaspamplona.org\/deportes\/wp-content\/uploads\/sites\/9\/2019\/10\/CD-Jesuitinas-Cpto-Espa\u00f1a-sub-11-Valencia-2019_-15_redimensionar-300x225.jpg 300w, http:\/\/blogs.jesuitinaspamplona.org\/deportes\/wp-content\/uploads\/sites\/9\/2019\/10\/CD-Jesuitinas-Cpto-Espa\u00f1a-sub-11-Valencia-2019_-15_redimensionar-768x576.jpg 768w, http:\/\/blogs.jesuitinaspamplona.org\/deportes\/wp-content\/uploads\/sites\/9\/2019\/10\/CD-Jesuitinas-Cpto-Espa\u00f1a-sub-11-Valencia-2019_-15_redimensionar.jpg 800w\" sizes=\"(max-width: 300px) 100vw, 300px\" \/><\/a>\n\t\t\t<\/div><\/figure><figure class='gallery-item'>\n\t\t\t<div class='gallery-icon landscape'>\n\t\t\t\t<a href='http:\/\/blogs.jesuitinaspamplona.org\/deportes\/el-equipo-de-beisbol-del-colegio-4o-en-el-campeonato-de-espana-sub-11\/cd-jesuitinas-cpto-espana-sub-11-2019_-28_redimensionar\/#main'><img width=\"300\" height=\"225\" src=\"http:\/\/blogs.jesuitinaspamplona.org\/deportes\/wp-content\/uploads\/sites\/9\/2019\/10\/CD-Jesuitinas-Cpto-Espa\u00f1a-sub-11-2019_-28_redimensionar-300x225.jpg\" class=\"attachment-medium size-medium\" alt=\"\" loading=\"lazy\" srcset=\"http:\/\/blogs.jesuitinaspamplona.org\/deportes\/wp-content\/uploads\/sites\/9\/2019\/10\/CD-Jesuitinas-Cpto-Espa\u00f1a-sub-11-2019_-28_redimensionar-300x225.jpg 300w, http:\/\/blogs.jesuitinaspamplona.org\/deportes\/wp-content\/uploads\/sites\/9\/2019\/10\/CD-Jesuitinas-Cpto-Espa\u00f1a-sub-11-2019_-28_redimensionar.jpg 533w\" sizes=\"(max-width: 300px) 100vw, 300px\" \/><\/a>\n\t\t\t<\/div><\/figure><figure class='gallery-item'>\n\t\t\t<div class='gallery-icon portrait'>\n\t\t\t\t<a href='http:\/\/blogs.jesuitinaspamplona.org\/deportes\/el-equipo-de-beisbol-del-colegio-4o-en-el-campeonato-de-espana-sub-11\/cd-jesuitinas-cpto-espana-sub-11-2019_440_redimensionar-2\/#main'><img width=\"225\" height=\"300\" src=\"http:\/\/blogs.jesuitinaspamplona.org\/deportes\/wp-content\/uploads\/sites\/9\/2019\/10\/CD-Jesuitinas-Cpto-Espa\u00f1a-sub-11-2019_440_redimensionar-1-225x300.jpg\" class=\"attachment-medium size-medium\" alt=\"\" loading=\"lazy\" srcset=\"http:\/\/blogs.jesuitinaspamplona.org\/deportes\/wp-content\/uploads\/sites\/9\/2019\/10\/CD-Jesuitinas-Cpto-Espa\u00f1a-sub-11-2019_440_redimensionar-1-225x300.jpg 225w, http:\/\/blogs.jesuitinaspamplona.org\/deportes\/wp-content\/uploads\/sites\/9\/2019\/10\/CD-Jesuitinas-Cpto-Espa\u00f1a-sub-11-2019_440_redimensionar-1.jpg 300w\" sizes=\"(max-width: 225px) 100vw, 225px\" \/><\/a>\n\t\t\t<\/div><\/figure><figure class='gallery-item'>\n\t\t\t<div class='gallery-icon landscape'>\n\t\t\t\t<a href='http:\/\/blogs.jesuitinaspamplona.org\/deportes\/el-equipo-de-beisbol-del-colegio-4o-en-el-campeonato-de-espana-sub-11\/cd-jesuitinas-cpto-espana-sub-11-2019_455_redimensionar\/#main'><img width=\"300\" height=\"168\" src=\"http:\/\/blogs.jesuitinaspamplona.org\/deportes\/wp-content\/uploads\/sites\/9\/2019\/10\/CD-Jesuitinas-Cpto-Espa\u00f1a-sub-11-2019_455_redimensionar-300x168.jpg\" class=\"attachment-medium size-medium\" alt=\"\" loading=\"lazy\" srcset=\"http:\/\/blogs.jesuitinaspamplona.org\/deportes\/wp-content\/uploads\/sites\/9\/2019\/10\/CD-Jesuitinas-Cpto-Espa\u00f1a-sub-11-2019_455_redimensionar-300x168.jpg 300w, http:\/\/blogs.jesuitinaspamplona.org\/deportes\/wp-content\/uploads\/sites\/9\/2019\/10\/CD-Jesuitinas-Cpto-Espa\u00f1a-sub-11-2019_455_redimensionar.jpg 600w\" sizes=\"(max-width: 300px) 100vw, 300px\" \/><\/a>\n\t\t\t<\/div><\/figure><figure class='gallery-item'>\n\t\t\t<div class='gallery-icon portrait'>\n\t\t\t\t<a href='http:\/\/blogs.jesuitinaspamplona.org\/deportes\/el-equipo-de-beisbol-del-colegio-4o-en-el-campeonato-de-espana-sub-11\/cd-jesuitinas-cpto-espana-sub-11-2019_5-1\/#main'><img width=\"169\" height=\"300\" src=\"http:\/\/blogs.jesuitinaspamplona.org\/deportes\/wp-content\/uploads\/sites\/9\/2019\/10\/CD-Jesuitinas-Cpto-Espa\u00f1a-sub-11-2019_5-1-169x300.jpg\" class=\"attachment-medium size-medium\" alt=\"\" loading=\"lazy\" aria-describedby=\"gallery-1-1406\" srcset=\"http:\/\/blogs.jesuitinaspamplona.org\/deportes\/wp-content\/uploads\/sites\/9\/2019\/10\/CD-Jesuitinas-Cpto-Espa\u00f1a-sub-11-2019_5-1-169x300.jpg 169w, http:\/\/blogs.jesuitinaspamplona.org\/deportes\/wp-content\/uploads\/sites\/9\/2019\/10\/CD-Jesuitinas-Cpto-Espa\u00f1a-sub-11-2019_5-1-768x1366.jpg 768w, http:\/\/blogs.jesuitinaspamplona.org\/deportes\/wp-content\/uploads\/sites\/9\/2019\/10\/CD-Jesuitinas-Cpto-Espa\u00f1a-sub-11-2019_5-1-576x1024.jpg 576w, http:\/\/blogs.jesuitinaspamplona.org\/deportes\/wp-content\/uploads\/sites\/9\/2019\/10\/CD-Jesuitinas-Cpto-Espa\u00f1a-sub-11-2019_5-1.jpg 899w\" sizes=\"(max-width: 169px) 100vw, 169px\" \/><\/a>\n\t\t\t<\/div>\n\t\t\t\t<figcaption class='wp-caption-text gallery-caption' id='gallery-1-1406'>\n\t\t\t\tEl manager de Capitalinos no se  pudo resistir a nuestra gorra\n\t\t\t\t<\/figcaption><\/figure><figure class='gallery-item'>\n\t\t\t<div class='gallery-icon portrait'>\n\t\t\t\t<a href='http:\/\/blogs.jesuitinaspamplona.org\/deportes\/el-equipo-de-beisbol-del-colegio-4o-en-el-campeonato-de-espana-sub-11\/cd-jesuitinas-cpto-espana-sub-11-valencia-2019_-193_redimensionar\/#main'><img width=\"225\" height=\"300\" src=\"http:\/\/blogs.jesuitinaspamplona.org\/deportes\/wp-content\/uploads\/sites\/9\/2019\/10\/CD-Jesuitinas-Cpto-Espa\u00f1a-sub-11-Valencia-2019_-193_redimensionar-225x300.jpg\" class=\"attachment-medium size-medium\" alt=\"\" loading=\"lazy\" srcset=\"http:\/\/blogs.jesuitinaspamplona.org\/deportes\/wp-content\/uploads\/sites\/9\/2019\/10\/CD-Jesuitinas-Cpto-Espa\u00f1a-sub-11-Valencia-2019_-193_redimensionar-225x300.jpg 225w, http:\/\/blogs.jesuitinaspamplona.org\/deportes\/wp-content\/uploads\/sites\/9\/2019\/10\/CD-Jesuitinas-Cpto-Espa\u00f1a-sub-11-Valencia-2019_-193_redimensionar.jpg 450w\" sizes=\"(max-width: 225px) 100vw, 225px\" \/><\/a>\n\t\t\t<\/div><\/figure><figure class='gallery-item'>\n\t\t\t<div class='gallery-icon portrait'>\n\t\t\t\t<a href='http:\/\/blogs.jesuitinaspamplona.org\/deportes\/el-equipo-de-beisbol-del-colegio-4o-en-el-campeonato-de-espana-sub-11\/cd-jesuitinas-cpto-espana-sub-11-valencia-2019_-125_redimensionar\/#main'><img width=\"169\" height=\"300\" src=\"http:\/\/blogs.jesuitinaspamplona.org\/deportes\/wp-content\/uploads\/sites\/9\/2019\/10\/CD-Jesuitinas-Cpto-Espa\u00f1a-sub-11-Valencia-2019_-125_redimensionar-169x300.jpg\" class=\"attachment-medium size-medium\" alt=\"\" loading=\"lazy\" srcset=\"http:\/\/blogs.jesuitinaspamplona.org\/deportes\/wp-content\/uploads\/sites\/9\/2019\/10\/CD-Jesuitinas-Cpto-Espa\u00f1a-sub-11-Valencia-2019_-125_redimensionar-169x300.jpg 169w, http:\/\/blogs.jesuitinaspamplona.org\/deportes\/wp-content\/uploads\/sites\/9\/2019\/10\/CD-Jesuitinas-Cpto-Espa\u00f1a-sub-11-Valencia-2019_-125_redimensionar.jpg 337w\" sizes=\"(max-width: 169px) 100vw, 169px\" \/><\/a>\n\t\t\t<\/div><\/figure><figure class='gallery-item'>\n\t\t\t<div class='gallery-icon portrait'>\n\t\t\t\t<a href='http:\/\/blogs.jesuitinaspamplona.org\/deportes\/el-equipo-de-beisbol-del-colegio-4o-en-el-campeonato-de-espana-sub-11\/cd-jesuitinas-cpto-espana-sub-11-valencia-2019_-137_redimensionar\/#main'><img width=\"225\" height=\"300\" src=\"http:\/\/blogs.jesuitinaspamplona.org\/deportes\/wp-content\/uploads\/sites\/9\/2019\/10\/CD-Jesuitinas-Cpto-Espa\u00f1a-sub-11-Valencia-2019_-137_redimensionar-225x300.jpg\" class=\"attachment-medium size-medium\" alt=\"\" loading=\"lazy\" srcset=\"http:\/\/blogs.jesuitinaspamplona.org\/deportes\/wp-content\/uploads\/sites\/9\/2019\/10\/CD-Jesuitinas-Cpto-Espa\u00f1a-sub-11-Valencia-2019_-137_redimensionar-225x300.jpg 225w, http:\/\/blogs.jesuitinaspamplona.org\/deportes\/wp-content\/uploads\/sites\/9\/2019\/10\/CD-Jesuitinas-Cpto-Espa\u00f1a-sub-11-Valencia-2019_-137_redimensionar.jpg 450w\" sizes=\"(max-width: 225px) 100vw, 225px\" \/><\/a>\n\t\t\t<\/div><\/figure><figure class='gallery-item'>\n\t\t\t<div class='gallery-icon landscape'>\n\t\t\t\t<a href='http:\/\/blogs.jesuitinaspamplona.org\/deportes\/el-equipo-de-beisbol-del-colegio-4o-en-el-campeonato-de-espana-sub-11\/edf-17\/#main'><img width=\"300\" height=\"225\" src=\"http:\/\/blogs.jesuitinaspamplona.org\/deportes\/wp-content\/uploads\/sites\/9\/2019\/10\/CD-Jesuitinas-Cpto-Espa\u00f1a-sub-11-Valencia-2019_-54_redimensionar-300x225.jpg\" class=\"attachment-medium size-medium\" alt=\"\" loading=\"lazy\" srcset=\"http:\/\/blogs.jesuitinaspamplona.org\/deportes\/wp-content\/uploads\/sites\/9\/2019\/10\/CD-Jesuitinas-Cpto-Espa\u00f1a-sub-11-Valencia-2019_-54_redimensionar-300x225.jpg 300w, http:\/\/blogs.jesuitinaspamplona.org\/deportes\/wp-content\/uploads\/sites\/9\/2019\/10\/CD-Jesuitinas-Cpto-Espa\u00f1a-sub-11-Valencia-2019_-54_redimensionar-768x576.jpg 768w, http:\/\/blogs.jesuitinaspamplona.org\/deportes\/wp-content\/uploads\/sites\/9\/2019\/10\/CD-Jesuitinas-Cpto-Espa\u00f1a-sub-11-Valencia-2019_-54_redimensionar.jpg 800w\" sizes=\"(max-width: 300px) 100vw, 300px\" \/><\/a>\n\t\t\t<\/div><\/figure><figure class='gallery-item'>\n\t\t\t<div class='gallery-icon landscape'>\n\t\t\t\t<a href='http:\/\/blogs.jesuitinaspamplona.org\/deportes\/el-equipo-de-beisbol-del-colegio-4o-en-el-campeonato-de-espana-sub-11\/edf-11\/#main'><img width=\"300\" height=\"225\" src=\"http:\/\/blogs.jesuitinaspamplona.org\/deportes\/wp-content\/uploads\/sites\/9\/2019\/10\/La-aficion-de-CD-Jesuitinas-red-1-300x225.jpg\" class=\"attachment-medium size-medium\" alt=\"\" loading=\"lazy\" srcset=\"http:\/\/blogs.jesuitinaspamplona.org\/deportes\/wp-content\/uploads\/sites\/9\/2019\/10\/La-aficion-de-CD-Jesuitinas-red-1-300x225.jpg 300w, http:\/\/blogs.jesuitinaspamplona.org\/deportes\/wp-content\/uploads\/sites\/9\/2019\/10\/La-aficion-de-CD-Jesuitinas-red-1-768x576.jpg 768w, http:\/\/blogs.jesuitinaspamplona.org\/deportes\/wp-content\/uploads\/sites\/9\/2019\/10\/La-aficion-de-CD-Jesuitinas-red-1-1024x768.jpg 1024w\" sizes=\"(max-width: 300px) 100vw, 300px\" \/><\/a>\n\t\t\t<\/div><\/figure><figure class='gallery-item'>\n\t\t\t<div class='gallery-icon landscape'>\n\t\t\t\t<a href='http:\/\/blogs.jesuitinaspamplona.org\/deportes\/el-equipo-de-beisbol-del-colegio-4o-en-el-campeonato-de-espana-sub-11\/edf-14\/#main'><img width=\"300\" height=\"225\" src=\"http:\/\/blogs.jesuitinaspamplona.org\/deportes\/wp-content\/uploads\/sites\/9\/2019\/10\/CD-Jesuitinas-Cpto-Espa\u00f1a-sub-11-Valencia-2019_-9_redimensionar-300x225.jpg\" class=\"attachment-medium size-medium\" alt=\"\" loading=\"lazy\" srcset=\"http:\/\/blogs.jesuitinaspamplona.org\/deportes\/wp-content\/uploads\/sites\/9\/2019\/10\/CD-Jesuitinas-Cpto-Espa\u00f1a-sub-11-Valencia-2019_-9_redimensionar-300x225.jpg 300w, http:\/\/blogs.jesuitinaspamplona.org\/deportes\/wp-content\/uploads\/sites\/9\/2019\/10\/CD-Jesuitinas-Cpto-Espa\u00f1a-sub-11-Valencia-2019_-9_redimensionar-768x576.jpg 768w, http:\/\/blogs.jesuitinaspamplona.org\/deportes\/wp-content\/uploads\/sites\/9\/2019\/10\/CD-Jesuitinas-Cpto-Espa\u00f1a-sub-11-Valencia-2019_-9_redimensionar.jpg 800w\" sizes=\"(max-width: 300px) 100vw, 300px\" \/><\/a>\n\t\t\t<\/div><\/figure><figure class='gallery-item'>\n\t\t\t<div class='gallery-icon landscape'>\n\t\t\t\t<a href='http:\/\/blogs.jesuitinaspamplona.org\/deportes\/el-equipo-de-beisbol-del-colegio-4o-en-el-campeonato-de-espana-sub-11\/cd-jesuitinas-cpto-espana-sub-11-valencia-2019_-266_redimensionar\/#main'><img width=\"300\" height=\"225\" src=\"http:\/\/blogs.jesuitinaspamplona.org\/deportes\/wp-content\/uploads\/sites\/9\/2019\/10\/CD-Jesuitinas-Cpto-Espa\u00f1a-sub-11-Valencia-2019_-266_redimensionar-300x225.jpg\" class=\"attachment-medium size-medium\" alt=\"\" loading=\"lazy\" srcset=\"http:\/\/blogs.jesuitinaspamplona.org\/deportes\/wp-content\/uploads\/sites\/9\/2019\/10\/CD-Jesuitinas-Cpto-Espa\u00f1a-sub-11-Valencia-2019_-266_redimensionar-300x225.jpg 300w, http:\/\/blogs.jesuitinaspamplona.org\/deportes\/wp-content\/uploads\/sites\/9\/2019\/10\/CD-Jesuitinas-Cpto-Espa\u00f1a-sub-11-Valencia-2019_-266_redimensionar-768x576.jpg 768w, http:\/\/blogs.jesuitinaspamplona.org\/deportes\/wp-content\/uploads\/sites\/9\/2019\/10\/CD-Jesuitinas-Cpto-Espa\u00f1a-sub-11-Valencia-2019_-266_redimensionar.jpg 800w\" sizes=\"(max-width: 300px) 100vw, 300px\" \/><\/a>\n\t\t\t<\/div><\/figure><figure class='gallery-item'>\n\t\t\t<div class='gallery-icon landscape'>\n\t\t\t\t<a href='http:\/\/blogs.jesuitinaspamplona.org\/deportes\/el-equipo-de-beisbol-del-colegio-4o-en-el-campeonato-de-espana-sub-11\/cd-jesuitinas-cpto-espana-sub-11-valencia-2019_-246_redimensionar\/#main'><img width=\"300\" height=\"169\" src=\"http:\/\/blogs.jesuitinaspamplona.org\/deportes\/wp-content\/uploads\/sites\/9\/2019\/10\/CD-Jesuitinas-Cpto-Espa\u00f1a-sub-11-Valencia-2019_-246_redimensionar-300x169.jpg\" class=\"attachment-medium size-medium\" alt=\"\" loading=\"lazy\" srcset=\"http:\/\/blogs.jesuitinaspamplona.org\/deportes\/wp-content\/uploads\/sites\/9\/2019\/10\/CD-Jesuitinas-Cpto-Espa\u00f1a-sub-11-Valencia-2019_-246_redimensionar-300x169.jpg 300w, http:\/\/blogs.jesuitinaspamplona.org\/deportes\/wp-content\/uploads\/sites\/9\/2019\/10\/CD-Jesuitinas-Cpto-Espa\u00f1a-sub-11-Valencia-2019_-246_redimensionar-768x432.jpg 768w, http:\/\/blogs.jesuitinaspamplona.org\/deportes\/wp-content\/uploads\/sites\/9\/2019\/10\/CD-Jesuitinas-Cpto-Espa\u00f1a-sub-11-Valencia-2019_-246_redimensionar.jpg 800w\" sizes=\"(max-width: 300px) 100vw, 300px\" \/><\/a>\n\t\t\t<\/div><\/figure><figure class='gallery-item'>\n\t\t\t<div class='gallery-icon landscape'>\n\t\t\t\t<a href='http:\/\/blogs.jesuitinaspamplona.org\/deportes\/el-equipo-de-beisbol-del-colegio-4o-en-el-campeonato-de-espana-sub-11\/edf-16\/#main'><img width=\"300\" height=\"225\" src=\"http:\/\/blogs.jesuitinaspamplona.org\/deportes\/wp-content\/uploads\/sites\/9\/2019\/10\/CD-Jesuitinas-Cpto-Espa\u00f1a-sub-11-Valencia-2019_-31_redimensionar-300x225.jpg\" class=\"attachment-medium size-medium\" alt=\"\" loading=\"lazy\" srcset=\"http:\/\/blogs.jesuitinaspamplona.org\/deportes\/wp-content\/uploads\/sites\/9\/2019\/10\/CD-Jesuitinas-Cpto-Espa\u00f1a-sub-11-Valencia-2019_-31_redimensionar-300x225.jpg 300w, http:\/\/blogs.jesuitinaspamplona.org\/deportes\/wp-content\/uploads\/sites\/9\/2019\/10\/CD-Jesuitinas-Cpto-Espa\u00f1a-sub-11-Valencia-2019_-31_redimensionar-768x576.jpg 768w, http:\/\/blogs.jesuitinaspamplona.org\/deportes\/wp-content\/uploads\/sites\/9\/2019\/10\/CD-Jesuitinas-Cpto-Espa\u00f1a-sub-11-Valencia-2019_-31_redimensionar.jpg 800w\" sizes=\"(max-width: 300px) 100vw, 300px\" \/><\/a>\n\t\t\t<\/div><\/figure><figure class='gallery-item'>\n\t\t\t<div class='gallery-icon portrait'>\n\t\t\t\t<a href='http:\/\/blogs.jesuitinaspamplona.org\/deportes\/el-equipo-de-beisbol-del-colegio-4o-en-el-campeonato-de-espana-sub-11\/cd-jesuitinas-cpto-espana-sub-11-2019_-20_redimensionar-2\/#main'><img width=\"169\" height=\"300\" src=\"http:\/\/blogs.jesuitinaspamplona.org\/deportes\/wp-content\/uploads\/sites\/9\/2019\/10\/CD-Jesuitinas-Cpto-Espa\u00f1a-sub-11-2019_-20_redimensionar-1-169x300.jpg\" class=\"attachment-medium size-medium\" alt=\"\" loading=\"lazy\" srcset=\"http:\/\/blogs.jesuitinaspamplona.org\/deportes\/wp-content\/uploads\/sites\/9\/2019\/10\/CD-Jesuitinas-Cpto-Espa\u00f1a-sub-11-2019_-20_redimensionar-1-169x300.jpg 169w, http:\/\/blogs.jesuitinaspamplona.org\/deportes\/wp-content\/uploads\/sites\/9\/2019\/10\/CD-Jesuitinas-Cpto-Espa\u00f1a-sub-11-2019_-20_redimensionar-1.jpg 225w\" sizes=\"(max-width: 169px) 100vw, 169px\" \/><\/a>\n\t\t\t<\/div><\/figure><figure class='gallery-item'>\n\t\t\t<div class='gallery-icon landscape'>\n\t\t\t\t<a href='http:\/\/blogs.jesuitinaspamplona.org\/deportes\/el-equipo-de-beisbol-del-colegio-4o-en-el-campeonato-de-espana-sub-11\/cd-jesuitinas-cpto-espana-sub-11-2019_454_redimensionar\/#main'><img width=\"300\" height=\"225\" src=\"http:\/\/blogs.jesuitinaspamplona.org\/deportes\/wp-content\/uploads\/sites\/9\/2019\/10\/CD-Jesuitinas-Cpto-Espa\u00f1a-sub-11-2019_454_redimensionar-300x225.jpg\" class=\"attachment-medium size-medium\" alt=\"\" loading=\"lazy\" srcset=\"http:\/\/blogs.jesuitinaspamplona.org\/deportes\/wp-content\/uploads\/sites\/9\/2019\/10\/CD-Jesuitinas-Cpto-Espa\u00f1a-sub-11-2019_454_redimensionar-300x225.jpg 300w, http:\/\/blogs.jesuitinaspamplona.org\/deportes\/wp-content\/uploads\/sites\/9\/2019\/10\/CD-Jesuitinas-Cpto-Espa\u00f1a-sub-11-2019_454_redimensionar.jpg 533w\" sizes=\"(max-width: 300px) 100vw, 300px\" \/><\/a>\n\t\t\t<\/div><\/figure><figure class='gallery-item'>\n\t\t\t<div class='gallery-icon landscape'>\n\t\t\t\t<a href='http:\/\/blogs.jesuitinaspamplona.org\/deportes\/el-equipo-de-beisbol-del-colegio-4o-en-el-campeonato-de-espana-sub-11\/cd-jesuitinas-cpto-espana-sub-11-2019_450_redimensionar-2\/#main'><img width=\"300\" height=\"169\" src=\"http:\/\/blogs.jesuitinaspamplona.org\/deportes\/wp-content\/uploads\/sites\/9\/2019\/10\/CD-Jesuitinas-Cpto-Espa\u00f1a-sub-11-2019_450_redimensionar-1-300x169.jpg\" class=\"attachment-medium size-medium\" alt=\"\" loading=\"lazy\" srcset=\"http:\/\/blogs.jesuitinaspamplona.org\/deportes\/wp-content\/uploads\/sites\/9\/2019\/10\/CD-Jesuitinas-Cpto-Espa\u00f1a-sub-11-2019_450_redimensionar-1-300x169.jpg 300w, http:\/\/blogs.jesuitinaspamplona.org\/deportes\/wp-content\/uploads\/sites\/9\/2019\/10\/CD-Jesuitinas-Cpto-Espa\u00f1a-sub-11-2019_450_redimensionar-1.jpg 600w\" sizes=\"(max-width: 300px) 100vw, 300px\" \/><\/a>\n\t\t\t<\/div><\/figure><figure class='gallery-item'>\n\t\t\t<div class='gallery-icon landscape'>\n\t\t\t\t<a href='http:\/\/blogs.jesuitinaspamplona.org\/deportes\/el-equipo-de-beisbol-del-colegio-4o-en-el-campeonato-de-espana-sub-11\/cd-jesuitinas-cpto-espana-sub-11-2019_445_redimensionar-2\/#main'><img width=\"300\" height=\"169\" src=\"http:\/\/blogs.jesuitinaspamplona.org\/deportes\/wp-content\/uploads\/sites\/9\/2019\/10\/CD-Jesuitinas-Cpto-Espa\u00f1a-sub-11-2019_445_redimensionar-1-300x169.jpg\" class=\"attachment-medium size-medium\" alt=\"\" loading=\"lazy\" srcset=\"http:\/\/blogs.jesuitinaspamplona.org\/deportes\/wp-content\/uploads\/sites\/9\/2019\/10\/CD-Jesuitinas-Cpto-Espa\u00f1a-sub-11-2019_445_redimensionar-1-300x169.jpg 300w, http:\/\/blogs.jesuitinaspamplona.org\/deportes\/wp-content\/uploads\/sites\/9\/2019\/10\/CD-Jesuitinas-Cpto-Espa\u00f1a-sub-11-2019_445_redimensionar-1.jpg 600w\" sizes=\"(max-width: 300px) 100vw, 300px\" \/><\/a>\n\t\t\t<\/div><\/figure><figure class='gallery-item'>\n\t\t\t<div class='gallery-icon portrait'>\n\t\t\t\t<a href='http:\/\/blogs.jesuitinaspamplona.org\/deportes\/el-equipo-de-beisbol-del-colegio-4o-en-el-campeonato-de-espana-sub-11\/cd-jesuitinas-cpto-espana-sub-11-valencia-2019_-161_redimensionar\/#main'><img width=\"225\" height=\"300\" src=\"http:\/\/blogs.jesuitinaspamplona.org\/deportes\/wp-content\/uploads\/sites\/9\/2019\/10\/CD-Jesuitinas-Cpto-Espa\u00f1a-sub-11-Valencia-2019_-161_redimensionar-225x300.jpg\" class=\"attachment-medium size-medium\" alt=\"\" loading=\"lazy\" srcset=\"http:\/\/blogs.jesuitinaspamplona.org\/deportes\/wp-content\/uploads\/sites\/9\/2019\/10\/CD-Jesuitinas-Cpto-Espa\u00f1a-sub-11-Valencia-2019_-161_redimensionar-225x300.jpg 225w, http:\/\/blogs.jesuitinaspamplona.org\/deportes\/wp-content\/uploads\/sites\/9\/2019\/10\/CD-Jesuitinas-Cpto-Espa\u00f1a-sub-11-Valencia-2019_-161_redimensionar.jpg 450w\" sizes=\"(max-width: 225px) 100vw, 225px\" \/><\/a>\n\t\t\t<\/div><\/figure><figure class='gallery-item'>\n\t\t\t<div class='gallery-icon landscape'>\n\t\t\t\t<a href='http:\/\/blogs.jesuitinaspamplona.org\/deportes\/el-equipo-de-beisbol-del-colegio-4o-en-el-campeonato-de-espana-sub-11\/cd-jesuitinas-cpto-espana-sub-11-valencia-2019_-178_redimensionar\/#main'><img width=\"300\" height=\"169\" src=\"http:\/\/blogs.jesuitinaspamplona.org\/deportes\/wp-content\/uploads\/sites\/9\/2019\/10\/CD-Jesuitinas-Cpto-Espa\u00f1a-sub-11-Valencia-2019_-178_redimensionar-300x169.jpg\" class=\"attachment-medium size-medium\" alt=\"\" loading=\"lazy\" srcset=\"http:\/\/blogs.jesuitinaspamplona.org\/deportes\/wp-content\/uploads\/sites\/9\/2019\/10\/CD-Jesuitinas-Cpto-Espa\u00f1a-sub-11-Valencia-2019_-178_redimensionar-300x169.jpg 300w, http:\/\/blogs.jesuitinaspamplona.org\/deportes\/wp-content\/uploads\/sites\/9\/2019\/10\/CD-Jesuitinas-Cpto-Espa\u00f1a-sub-11-Valencia-2019_-178_redimensionar-768x432.jpg 768w, http:\/\/blogs.jesuitinaspamplona.org\/deportes\/wp-content\/uploads\/sites\/9\/2019\/10\/CD-Jesuitinas-Cpto-Espa\u00f1a-sub-11-Valencia-2019_-178_redimensionar.jpg 800w\" sizes=\"(max-width: 300px) 100vw, 300px\" \/><\/a>\n\t\t\t<\/div><\/figure><figure class='gallery-item'>\n\t\t\t<div class='gallery-icon landscape'>\n\t\t\t\t<a href='http:\/\/blogs.jesuitinaspamplona.org\/deportes\/el-equipo-de-beisbol-del-colegio-4o-en-el-campeonato-de-espana-sub-11\/cd-jesuitinas-cpto-espana-sub-11-2019_445_redimensionar\/#main'><img width=\"300\" height=\"169\" src=\"http:\/\/blogs.jesuitinaspamplona.org\/deportes\/wp-content\/uploads\/sites\/9\/2019\/10\/CD-Jesuitinas-Cpto-Espa\u00f1a-sub-11-2019_445_redimensionar-300x169.jpg\" class=\"attachment-medium size-medium\" alt=\"\" loading=\"lazy\" srcset=\"http:\/\/blogs.jesuitinaspamplona.org\/deportes\/wp-content\/uploads\/sites\/9\/2019\/10\/CD-Jesuitinas-Cpto-Espa\u00f1a-sub-11-2019_445_redimensionar-300x169.jpg 300w, http:\/\/blogs.jesuitinaspamplona.org\/deportes\/wp-content\/uploads\/sites\/9\/2019\/10\/CD-Jesuitinas-Cpto-Espa\u00f1a-sub-11-2019_445_redimensionar.jpg 600w\" sizes=\"(max-width: 300px) 100vw, 300px\" \/><\/a>\n\t\t\t<\/div><\/figure><figure class='gallery-item'>\n\t\t\t<div class='gallery-icon portrait'>\n\t\t\t\t<a href='http:\/\/blogs.jesuitinaspamplona.org\/deportes\/el-equipo-de-beisbol-del-colegio-4o-en-el-campeonato-de-espana-sub-11\/cd-jesuitinas-cpto-espana-sub-11-valencia-2019_-111_redimensionar\/#main'><img width=\"225\" height=\"300\" src=\"http:\/\/blogs.jesuitinaspamplona.org\/deportes\/wp-content\/uploads\/sites\/9\/2019\/10\/CD-Jesuitinas-Cpto-Espa\u00f1a-sub-11-Valencia-2019_-111_redimensionar-225x300.jpg\" class=\"attachment-medium size-medium\" alt=\"\" loading=\"lazy\" aria-describedby=\"gallery-1-1434\" srcset=\"http:\/\/blogs.jesuitinaspamplona.org\/deportes\/wp-content\/uploads\/sites\/9\/2019\/10\/CD-Jesuitinas-Cpto-Espa\u00f1a-sub-11-Valencia-2019_-111_redimensionar-225x300.jpg 225w, http:\/\/blogs.jesuitinaspamplona.org\/deportes\/wp-content\/uploads\/sites\/9\/2019\/10\/CD-Jesuitinas-Cpto-Espa\u00f1a-sub-11-Valencia-2019_-111_redimensionar.jpg 450w\" sizes=\"(max-width: 225px) 100vw, 225px\" \/><\/a>\n\t\t\t<\/div>\n\t\t\t\t<figcaption class='wp-caption-text gallery-caption' id='gallery-1-1434'>\n\t\t\t\tNico y Ouka, entrenando con Rodolfo\n\t\t\t\t<\/figcaption><\/figure><figure class='gallery-item'>\n\t\t\t<div class='gallery-icon portrait'>\n\t\t\t\t<a href='http:\/\/blogs.jesuitinaspamplona.org\/deportes\/el-equipo-de-beisbol-del-colegio-4o-en-el-campeonato-de-espana-sub-11\/cd-jesuitinas-cpto-espana-sub-11-2019_444\/#main'><img width=\"225\" height=\"300\" src=\"http:\/\/blogs.jesuitinaspamplona.org\/deportes\/wp-content\/uploads\/sites\/9\/2019\/10\/CD-Jesuitinas-Cpto-Espa\u00f1a-sub-11-2019_444-225x300.jpg\" class=\"attachment-medium size-medium\" alt=\"\" loading=\"lazy\" srcset=\"http:\/\/blogs.jesuitinaspamplona.org\/deportes\/wp-content\/uploads\/sites\/9\/2019\/10\/CD-Jesuitinas-Cpto-Espa\u00f1a-sub-11-2019_444-225x300.jpg 225w, http:\/\/blogs.jesuitinaspamplona.org\/deportes\/wp-content\/uploads\/sites\/9\/2019\/10\/CD-Jesuitinas-Cpto-Espa\u00f1a-sub-11-2019_444-768x1024.jpg 768w, http:\/\/blogs.jesuitinaspamplona.org\/deportes\/wp-content\/uploads\/sites\/9\/2019\/10\/CD-Jesuitinas-Cpto-Espa\u00f1a-sub-11-2019_444.jpg 1200w\" sizes=\"(max-width: 225px) 100vw, 225px\" \/><\/a>\n\t\t\t<\/div><\/figure><figure class='gallery-item'>\n\t\t\t<div class='gallery-icon landscape'>\n\t\t\t\t<a href='http:\/\/blogs.jesuitinaspamplona.org\/deportes\/el-equipo-de-beisbol-del-colegio-4o-en-el-campeonato-de-espana-sub-11\/cd-jesuitinas-cpto-espana-sub-11-2019_-11_redimensionar-2\/#main'><img width=\"300\" height=\"225\" src=\"http:\/\/blogs.jesuitinaspamplona.org\/deportes\/wp-content\/uploads\/sites\/9\/2019\/10\/CD-Jesuitinas-Cpto-Espa\u00f1a-sub-11-2019_-11_redimensionar-1-300x225.jpg\" class=\"attachment-medium size-medium\" alt=\"\" loading=\"lazy\" srcset=\"http:\/\/blogs.jesuitinaspamplona.org\/deportes\/wp-content\/uploads\/sites\/9\/2019\/10\/CD-Jesuitinas-Cpto-Espa\u00f1a-sub-11-2019_-11_redimensionar-1-300x225.jpg 300w, http:\/\/blogs.jesuitinaspamplona.org\/deportes\/wp-content\/uploads\/sites\/9\/2019\/10\/CD-Jesuitinas-Cpto-Espa\u00f1a-sub-11-2019_-11_redimensionar-1.jpg 533w\" sizes=\"(max-width: 300px) 100vw, 300px\" \/><\/a>\n\t\t\t<\/div><\/figure><figure class='gallery-item'>\n\t\t\t<div class='gallery-icon landscape'>\n\t\t\t\t<a href='http:\/\/blogs.jesuitinaspamplona.org\/deportes\/el-equipo-de-beisbol-del-colegio-4o-en-el-campeonato-de-espana-sub-11\/edf-18\/#main'><img width=\"300\" height=\"225\" src=\"http:\/\/blogs.jesuitinaspamplona.org\/deportes\/wp-content\/uploads\/sites\/9\/2019\/10\/CD-Jesuitinas-Cpto-Espa\u00f1a-sub-11-Valencia-2019_-67_redimensionar-300x225.jpg\" class=\"attachment-medium size-medium\" alt=\"\" loading=\"lazy\" srcset=\"http:\/\/blogs.jesuitinaspamplona.org\/deportes\/wp-content\/uploads\/sites\/9\/2019\/10\/CD-Jesuitinas-Cpto-Espa\u00f1a-sub-11-Valencia-2019_-67_redimensionar-300x225.jpg 300w, http:\/\/blogs.jesuitinaspamplona.org\/deportes\/wp-content\/uploads\/sites\/9\/2019\/10\/CD-Jesuitinas-Cpto-Espa\u00f1a-sub-11-Valencia-2019_-67_redimensionar-768x576.jpg 768w, http:\/\/blogs.jesuitinaspamplona.org\/deportes\/wp-content\/uploads\/sites\/9\/2019\/10\/CD-Jesuitinas-Cpto-Espa\u00f1a-sub-11-Valencia-2019_-67_redimensionar.jpg 800w\" sizes=\"(max-width: 300px) 100vw, 300px\" \/><\/a>\n\t\t\t<\/div><\/figure><figure class='gallery-item'>\n\t\t\t<div class='gallery-icon landscape'>\n\t\t\t\t<a href='http:\/\/blogs.jesuitinaspamplona.org\/deportes\/el-equipo-de-beisbol-del-colegio-4o-en-el-campeonato-de-espana-sub-11\/cd-jesuitinas-cpto-espana-sub-11-2019_443_redimensionar\/#main'><img width=\"300\" height=\"169\" src=\"http:\/\/blogs.jesuitinaspamplona.org\/deportes\/wp-content\/uploads\/sites\/9\/2019\/10\/CD-Jesuitinas-Cpto-Espa\u00f1a-sub-11-2019_443_redimensionar-300x169.jpg\" class=\"attachment-medium size-medium\" alt=\"\" loading=\"lazy\" srcset=\"http:\/\/blogs.jesuitinaspamplona.org\/deportes\/wp-content\/uploads\/sites\/9\/2019\/10\/CD-Jesuitinas-Cpto-Espa\u00f1a-sub-11-2019_443_redimensionar-300x169.jpg 300w, http:\/\/blogs.jesuitinaspamplona.org\/deportes\/wp-content\/uploads\/sites\/9\/2019\/10\/CD-Jesuitinas-Cpto-Espa\u00f1a-sub-11-2019_443_redimensionar.jpg 600w\" sizes=\"(max-width: 300px) 100vw, 300px\" \/><\/a>\n\t\t\t<\/div><\/figure><figure class='gallery-item'>\n\t\t\t<div class='gallery-icon landscape'>\n\t\t\t\t<a href='http:\/\/blogs.jesuitinaspamplona.org\/deportes\/el-equipo-de-beisbol-del-colegio-4o-en-el-campeonato-de-espana-sub-11\/cd-jesuitinas-cpto-espana-sub-11-valencia-2019_-138_redimensionar\/#main'><img width=\"300\" height=\"225\" src=\"http:\/\/blogs.jesuitinaspamplona.org\/deportes\/wp-content\/uploads\/sites\/9\/2019\/10\/CD-Jesuitinas-Cpto-Espa\u00f1a-sub-11-Valencia-2019_-138_redimensionar-300x225.jpg\" class=\"attachment-medium size-medium\" alt=\"\" loading=\"lazy\" srcset=\"http:\/\/blogs.jesuitinaspamplona.org\/deportes\/wp-content\/uploads\/sites\/9\/2019\/10\/CD-Jesuitinas-Cpto-Espa\u00f1a-sub-11-Valencia-2019_-138_redimensionar-300x225.jpg 300w, http:\/\/blogs.jesuitinaspamplona.org\/deportes\/wp-content\/uploads\/sites\/9\/2019\/10\/CD-Jesuitinas-Cpto-Espa\u00f1a-sub-11-Valencia-2019_-138_redimensionar-768x576.jpg 768w, http:\/\/blogs.jesuitinaspamplona.org\/deportes\/wp-content\/uploads\/sites\/9\/2019\/10\/CD-Jesuitinas-Cpto-Espa\u00f1a-sub-11-Valencia-2019_-138_redimensionar.jpg 800w\" sizes=\"(max-width: 300px) 100vw, 300px\" \/><\/a>\n\t\t\t<\/div><\/figure><figure class='gallery-item'>\n\t\t\t<div class='gallery-icon portrait'>\n\t\t\t\t<a href='http:\/\/blogs.jesuitinaspamplona.org\/deportes\/el-equipo-de-beisbol-del-colegio-4o-en-el-campeonato-de-espana-sub-11\/cd-jesuitinas-cpto-espana-sub-11-valencia-2019_-119_redimensionar\/#main'><img width=\"169\" height=\"300\" src=\"http:\/\/blogs.jesuitinaspamplona.org\/deportes\/wp-content\/uploads\/sites\/9\/2019\/10\/CD-Jesuitinas-Cpto-Espa\u00f1a-sub-11-Valencia-2019_-119_redimensionar-169x300.jpg\" class=\"attachment-medium size-medium\" alt=\"\" loading=\"lazy\" srcset=\"http:\/\/blogs.jesuitinaspamplona.org\/deportes\/wp-content\/uploads\/sites\/9\/2019\/10\/CD-Jesuitinas-Cpto-Espa\u00f1a-sub-11-Valencia-2019_-119_redimensionar-169x300.jpg 169w, http:\/\/blogs.jesuitinaspamplona.org\/deportes\/wp-content\/uploads\/sites\/9\/2019\/10\/CD-Jesuitinas-Cpto-Espa\u00f1a-sub-11-Valencia-2019_-119_redimensionar.jpg 337w\" sizes=\"(max-width: 169px) 100vw, 169px\" \/><\/a>\n\t\t\t<\/div><\/figure><figure class='gallery-item'>\n\t\t\t<div class='gallery-icon portrait'>\n\t\t\t\t<a href='http:\/\/blogs.jesuitinaspamplona.org\/deportes\/el-equipo-de-beisbol-del-colegio-4o-en-el-campeonato-de-espana-sub-11\/cd-jesuitinas-cpto-espana-sub-11-valencia-2019_-265_redimensionar\/#main'><img width=\"225\" height=\"300\" src=\"http:\/\/blogs.jesuitinaspamplona.org\/deportes\/wp-content\/uploads\/sites\/9\/2019\/10\/CD-Jesuitinas-Cpto-Espa\u00f1a-sub-11-Valencia-2019_-265_redimensionar-225x300.jpg\" class=\"attachment-medium size-medium\" alt=\"\" loading=\"lazy\" srcset=\"http:\/\/blogs.jesuitinaspamplona.org\/deportes\/wp-content\/uploads\/sites\/9\/2019\/10\/CD-Jesuitinas-Cpto-Espa\u00f1a-sub-11-Valencia-2019_-265_redimensionar-225x300.jpg 225w, http:\/\/blogs.jesuitinaspamplona.org\/deportes\/wp-content\/uploads\/sites\/9\/2019\/10\/CD-Jesuitinas-Cpto-Espa\u00f1a-sub-11-Valencia-2019_-265_redimensionar.jpg 450w\" sizes=\"(max-width: 225px) 100vw, 225px\" \/><\/a>\n\t\t\t<\/div><\/figure><figure class='gallery-item'>\n\t\t\t<div class='gallery-icon portrait'>\n\t\t\t\t<a href='http:\/\/blogs.jesuitinaspamplona.org\/deportes\/el-equipo-de-beisbol-del-colegio-4o-en-el-campeonato-de-espana-sub-11\/cd-jesuitinas-cpto-espana-sub-11-valencia-2019_-190_redimensionar\/#main'><img width=\"150\" height=\"300\" src=\"http:\/\/blogs.jesuitinaspamplona.org\/deportes\/wp-content\/uploads\/sites\/9\/2019\/10\/CD-Jesuitinas-Cpto-Espa\u00f1a-sub-11-Valencia-2019_-190_redimensionar-150x300.jpg\" class=\"attachment-medium size-medium\" alt=\"\" loading=\"lazy\" srcset=\"http:\/\/blogs.jesuitinaspamplona.org\/deportes\/wp-content\/uploads\/sites\/9\/2019\/10\/CD-Jesuitinas-Cpto-Espa\u00f1a-sub-11-Valencia-2019_-190_redimensionar-150x300.jpg 150w, http:\/\/blogs.jesuitinaspamplona.org\/deportes\/wp-content\/uploads\/sites\/9\/2019\/10\/CD-Jesuitinas-Cpto-Espa\u00f1a-sub-11-Valencia-2019_-190_redimensionar.jpg 300w\" sizes=\"(max-width: 150px) 100vw, 150px\" \/><\/a>\n\t\t\t<\/div><\/figure><figure class='gallery-item'>\n\t\t\t<div class='gallery-icon landscape'>\n\t\t\t\t<a href='http:\/\/blogs.jesuitinaspamplona.org\/deportes\/el-equipo-de-beisbol-del-colegio-4o-en-el-campeonato-de-espana-sub-11\/edf-19\/#main'><img width=\"300\" height=\"225\" src=\"http:\/\/blogs.jesuitinaspamplona.org\/deportes\/wp-content\/uploads\/sites\/9\/2019\/10\/CD-Jesuitinas-Cpto-Espa\u00f1a-sub-11-Valencia-2019_-74_redimensionar-300x225.jpg\" class=\"attachment-medium size-medium\" alt=\"\" loading=\"lazy\" srcset=\"http:\/\/blogs.jesuitinaspamplona.org\/deportes\/wp-content\/uploads\/sites\/9\/2019\/10\/CD-Jesuitinas-Cpto-Espa\u00f1a-sub-11-Valencia-2019_-74_redimensionar-300x225.jpg 300w, http:\/\/blogs.jesuitinaspamplona.org\/deportes\/wp-content\/uploads\/sites\/9\/2019\/10\/CD-Jesuitinas-Cpto-Espa\u00f1a-sub-11-Valencia-2019_-74_redimensionar-768x576.jpg 768w, http:\/\/blogs.jesuitinaspamplona.org\/deportes\/wp-content\/uploads\/sites\/9\/2019\/10\/CD-Jesuitinas-Cpto-Espa\u00f1a-sub-11-Valencia-2019_-74_redimensionar.jpg 800w\" sizes=\"(max-width: 300px) 100vw, 300px\" \/><\/a>\n\t\t\t<\/div><\/figure><figure class='gallery-item'>\n\t\t\t<div class='gallery-icon portrait'>\n\t\t\t\t<a href='http:\/\/blogs.jesuitinaspamplona.org\/deportes\/el-equipo-de-beisbol-del-colegio-4o-en-el-campeonato-de-espana-sub-11\/cd-jesuitinas-cpto-espana-sub-11-valencia-2019_-144_redimensionar\/#main'><img width=\"225\" height=\"300\" src=\"http:\/\/blogs.jesuitinaspamplona.org\/deportes\/wp-content\/uploads\/sites\/9\/2019\/10\/CD-Jesuitinas-Cpto-Espa\u00f1a-sub-11-Valencia-2019_-144_redimensionar-225x300.jpg\" class=\"attachment-medium size-medium\" alt=\"\" loading=\"lazy\" srcset=\"http:\/\/blogs.jesuitinaspamplona.org\/deportes\/wp-content\/uploads\/sites\/9\/2019\/10\/CD-Jesuitinas-Cpto-Espa\u00f1a-sub-11-Valencia-2019_-144_redimensionar-225x300.jpg 225w, http:\/\/blogs.jesuitinaspamplona.org\/deportes\/wp-content\/uploads\/sites\/9\/2019\/10\/CD-Jesuitinas-Cpto-Espa\u00f1a-sub-11-Valencia-2019_-144_redimensionar.jpg 450w\" sizes=\"(max-width: 225px) 100vw, 225px\" \/><\/a>\n\t\t\t<\/div><\/figure><figure class='gallery-item'>\n\t\t\t<div class='gallery-icon portrait'>\n\t\t\t\t<a href='http:\/\/blogs.jesuitinaspamplona.org\/deportes\/el-equipo-de-beisbol-del-colegio-4o-en-el-campeonato-de-espana-sub-11\/cd-jesuitinas-cpto-espana-sub-11-valencia-2019_-189_redimensionar\/#main'><img width=\"150\" height=\"300\" src=\"http:\/\/blogs.jesuitinaspamplona.org\/deportes\/wp-content\/uploads\/sites\/9\/2019\/10\/CD-Jesuitinas-Cpto-Espa\u00f1a-sub-11-Valencia-2019_-189_redimensionar-150x300.jpg\" class=\"attachment-medium size-medium\" alt=\"\" loading=\"lazy\" srcset=\"http:\/\/blogs.jesuitinaspamplona.org\/deportes\/wp-content\/uploads\/sites\/9\/2019\/10\/CD-Jesuitinas-Cpto-Espa\u00f1a-sub-11-Valencia-2019_-189_redimensionar-150x300.jpg 150w, http:\/\/blogs.jesuitinaspamplona.org\/deportes\/wp-content\/uploads\/sites\/9\/2019\/10\/CD-Jesuitinas-Cpto-Espa\u00f1a-sub-11-Valencia-2019_-189_redimensionar.jpg 300w\" sizes=\"(max-width: 150px) 100vw, 150px\" \/><\/a>\n\t\t\t<\/div><\/figure><figure class='gallery-item'>\n\t\t\t<div class='gallery-icon portrait'>\n\t\t\t\t<a href='http:\/\/blogs.jesuitinaspamplona.org\/deportes\/el-equipo-de-beisbol-del-colegio-4o-en-el-campeonato-de-espana-sub-11\/cd-jesuitinas-cpto-espana-sub-11-valencia-2019_-112_redimensionar\/#main'><img width=\"169\" height=\"300\" src=\"http:\/\/blogs.jesuitinaspamplona.org\/deportes\/wp-content\/uploads\/sites\/9\/2019\/10\/CD-Jesuitinas-Cpto-Espa\u00f1a-sub-11-Valencia-2019_-112_redimensionar-169x300.jpg\" class=\"attachment-medium size-medium\" alt=\"\" loading=\"lazy\" srcset=\"http:\/\/blogs.jesuitinaspamplona.org\/deportes\/wp-content\/uploads\/sites\/9\/2019\/10\/CD-Jesuitinas-Cpto-Espa\u00f1a-sub-11-Valencia-2019_-112_redimensionar-169x300.jpg 169w, http:\/\/blogs.jesuitinaspamplona.org\/deportes\/wp-content\/uploads\/sites\/9\/2019\/10\/CD-Jesuitinas-Cpto-Espa\u00f1a-sub-11-Valencia-2019_-112_redimensionar.jpg 337w\" sizes=\"(max-width: 169px) 100vw, 169px\" \/><\/a>\n\t\t\t<\/div><\/figure><figure class='gallery-item'>\n\t\t\t<div class='gallery-icon landscape'>\n\t\t\t\t<a href='http:\/\/blogs.jesuitinaspamplona.org\/deportes\/el-equipo-de-beisbol-del-colegio-4o-en-el-campeonato-de-espana-sub-11\/edf-9\/#main'><img width=\"300\" height=\"225\" src=\"http:\/\/blogs.jesuitinaspamplona.org\/deportes\/wp-content\/uploads\/sites\/9\/2019\/10\/La-aficion-de-CD-Jesuitinas-red-300x225.jpg\" class=\"attachment-medium size-medium\" alt=\"\" loading=\"lazy\" srcset=\"http:\/\/blogs.jesuitinaspamplona.org\/deportes\/wp-content\/uploads\/sites\/9\/2019\/10\/La-aficion-de-CD-Jesuitinas-red-300x225.jpg 300w, http:\/\/blogs.jesuitinaspamplona.org\/deportes\/wp-content\/uploads\/sites\/9\/2019\/10\/La-aficion-de-CD-Jesuitinas-red-768x576.jpg 768w, http:\/\/blogs.jesuitinaspamplona.org\/deportes\/wp-content\/uploads\/sites\/9\/2019\/10\/La-aficion-de-CD-Jesuitinas-red-1024x768.jpg 1024w\" sizes=\"(max-width: 300px) 100vw, 300px\" \/><\/a>\n\t\t\t<\/div><\/figure><figure class='gallery-item'>\n\t\t\t<div class='gallery-icon landscape'>\n\t\t\t\t<a href='http:\/\/blogs.jesuitinaspamplona.org\/deportes\/el-equipo-de-beisbol-del-colegio-4o-en-el-campeonato-de-espana-sub-11\/cd-jesuitinas-cpto-espana-sub-11-valencia-2019_-172_redimensionar\/#main'><img width=\"300\" height=\"169\" src=\"http:\/\/blogs.jesuitinaspamplona.org\/deportes\/wp-content\/uploads\/sites\/9\/2019\/10\/CD-Jesuitinas-Cpto-Espa\u00f1a-sub-11-Valencia-2019_-172_redimensionar-300x169.jpg\" class=\"attachment-medium size-medium\" alt=\"\" loading=\"lazy\" srcset=\"http:\/\/blogs.jesuitinaspamplona.org\/deportes\/wp-content\/uploads\/sites\/9\/2019\/10\/CD-Jesuitinas-Cpto-Espa\u00f1a-sub-11-Valencia-2019_-172_redimensionar-300x169.jpg 300w, http:\/\/blogs.jesuitinaspamplona.org\/deportes\/wp-content\/uploads\/sites\/9\/2019\/10\/CD-Jesuitinas-Cpto-Espa\u00f1a-sub-11-Valencia-2019_-172_redimensionar-768x432.jpg 768w, http:\/\/blogs.jesuitinaspamplona.org\/deportes\/wp-content\/uploads\/sites\/9\/2019\/10\/CD-Jesuitinas-Cpto-Espa\u00f1a-sub-11-Valencia-2019_-172_redimensionar.jpg 800w\" sizes=\"(max-width: 300px) 100vw, 300px\" \/><\/a>\n\t\t\t<\/div><\/figure><figure class='gallery-item'>\n\t\t\t<div class='gallery-icon landscape'>\n\t\t\t\t<a href='http:\/\/blogs.jesuitinaspamplona.org\/deportes\/el-equipo-de-beisbol-del-colegio-4o-en-el-campeonato-de-espana-sub-11\/cd-jesuitinas-cpto-espana-sub-11-valencia-2019_-164_redimensionar\/#main'><img width=\"300\" height=\"169\" src=\"http:\/\/blogs.jesuitinaspamplona.org\/deportes\/wp-content\/uploads\/sites\/9\/2019\/10\/CD-Jesuitinas-Cpto-Espa\u00f1a-sub-11-Valencia-2019_-164_redimensionar-300x169.jpg\" class=\"attachment-medium size-medium\" alt=\"\" loading=\"lazy\" srcset=\"http:\/\/blogs.jesuitinaspamplona.org\/deportes\/wp-content\/uploads\/sites\/9\/2019\/10\/CD-Jesuitinas-Cpto-Espa\u00f1a-sub-11-Valencia-2019_-164_redimensionar-300x169.jpg 300w, http:\/\/blogs.jesuitinaspamplona.org\/deportes\/wp-content\/uploads\/sites\/9\/2019\/10\/CD-Jesuitinas-Cpto-Espa\u00f1a-sub-11-Valencia-2019_-164_redimensionar-768x432.jpg 768w, http:\/\/blogs.jesuitinaspamplona.org\/deportes\/wp-content\/uploads\/sites\/9\/2019\/10\/CD-Jesuitinas-Cpto-Espa\u00f1a-sub-11-Valencia-2019_-164_redimensionar.jpg 800w\" sizes=\"(max-width: 300px) 100vw, 300px\" \/><\/a>\n\t\t\t<\/div><\/figure><figure class='gallery-item'>\n\t\t\t<div class='gallery-icon portrait'>\n\t\t\t\t<a href='http:\/\/blogs.jesuitinaspamplona.org\/deportes\/el-equipo-de-beisbol-del-colegio-4o-en-el-campeonato-de-espana-sub-11\/cd-jesuitinas-cpto-espana-sub-11-valencia-2019_-191_redimensionar\/#main'><img width=\"150\" height=\"300\" src=\"http:\/\/blogs.jesuitinaspamplona.org\/deportes\/wp-content\/uploads\/sites\/9\/2019\/10\/CD-Jesuitinas-Cpto-Espa\u00f1a-sub-11-Valencia-2019_-191_redimensionar-150x300.jpg\" class=\"attachment-medium size-medium\" alt=\"\" loading=\"lazy\" srcset=\"http:\/\/blogs.jesuitinaspamplona.org\/deportes\/wp-content\/uploads\/sites\/9\/2019\/10\/CD-Jesuitinas-Cpto-Espa\u00f1a-sub-11-Valencia-2019_-191_redimensionar-150x300.jpg 150w, http:\/\/blogs.jesuitinaspamplona.org\/deportes\/wp-content\/uploads\/sites\/9\/2019\/10\/CD-Jesuitinas-Cpto-Espa\u00f1a-sub-11-Valencia-2019_-191_redimensionar.jpg 300w\" sizes=\"(max-width: 150px) 100vw, 150px\" \/><\/a>\n\t\t\t<\/div><\/figure><figure class='gallery-item'>\n\t\t\t<div class='gallery-icon landscape'>\n\t\t\t\t<a href='http:\/\/blogs.jesuitinaspamplona.org\/deportes\/el-equipo-de-beisbol-del-colegio-4o-en-el-campeonato-de-espana-sub-11\/cd-jesuitinas-cpto-espana-sub-11-valencia-2019_-249_redimensionar\/#main'><img width=\"300\" height=\"169\" src=\"http:\/\/blogs.jesuitinaspamplona.org\/deportes\/wp-content\/uploads\/sites\/9\/2019\/10\/CD-Jesuitinas-Cpto-Espa\u00f1a-sub-11-Valencia-2019_-249_redimensionar-300x169.jpg\" class=\"attachment-medium size-medium\" alt=\"\" loading=\"lazy\" srcset=\"http:\/\/blogs.jesuitinaspamplona.org\/deportes\/wp-content\/uploads\/sites\/9\/2019\/10\/CD-Jesuitinas-Cpto-Espa\u00f1a-sub-11-Valencia-2019_-249_redimensionar-300x169.jpg 300w, http:\/\/blogs.jesuitinaspamplona.org\/deportes\/wp-content\/uploads\/sites\/9\/2019\/10\/CD-Jesuitinas-Cpto-Espa\u00f1a-sub-11-Valencia-2019_-249_redimensionar-768x432.jpg 768w, http:\/\/blogs.jesuitinaspamplona.org\/deportes\/wp-content\/uploads\/sites\/9\/2019\/10\/CD-Jesuitinas-Cpto-Espa\u00f1a-sub-11-Valencia-2019_-249_redimensionar.jpg 800w\" sizes=\"(max-width: 300px) 100vw, 300px\" \/><\/a>\n\t\t\t<\/div><\/figure><figure class='gallery-item'>\n\t\t\t<div class='gallery-icon landscape'>\n\t\t\t\t<a href='http:\/\/blogs.jesuitinaspamplona.org\/deportes\/el-equipo-de-beisbol-del-colegio-4o-en-el-campeonato-de-espana-sub-11\/cd-jesuitinas-cpto-espana-sub-11-valencia-2019_-145_redimensionar\/#main'><img width=\"300\" height=\"225\" src=\"http:\/\/blogs.jesuitinaspamplona.org\/deportes\/wp-content\/uploads\/sites\/9\/2019\/10\/CD-Jesuitinas-Cpto-Espa\u00f1a-sub-11-Valencia-2019_-145_redimensionar-300x225.jpg\" class=\"attachment-medium size-medium\" alt=\"\" loading=\"lazy\" srcset=\"http:\/\/blogs.jesuitinaspamplona.org\/deportes\/wp-content\/uploads\/sites\/9\/2019\/10\/CD-Jesuitinas-Cpto-Espa\u00f1a-sub-11-Valencia-2019_-145_redimensionar-300x225.jpg 300w, http:\/\/blogs.jesuitinaspamplona.org\/deportes\/wp-content\/uploads\/sites\/9\/2019\/10\/CD-Jesuitinas-Cpto-Espa\u00f1a-sub-11-Valencia-2019_-145_redimensionar-768x576.jpg 768w, http:\/\/blogs.jesuitinaspamplona.org\/deportes\/wp-content\/uploads\/sites\/9\/2019\/10\/CD-Jesuitinas-Cpto-Espa\u00f1a-sub-11-Valencia-2019_-145_redimensionar.jpg 800w\" sizes=\"(max-width: 300px) 100vw, 300px\" \/><\/a>\n\t\t\t<\/div><\/figure><figure class='gallery-item'>\n\t\t\t<div class='gallery-icon portrait'>\n\t\t\t\t<a href='http:\/\/blogs.jesuitinaspamplona.org\/deportes\/el-equipo-de-beisbol-del-colegio-4o-en-el-campeonato-de-espana-sub-11\/cd-jesuitinas-cpto-espana-sub-11-2019_5-4\/#main'><img width=\"225\" height=\"300\" src=\"http:\/\/blogs.jesuitinaspamplona.org\/deportes\/wp-content\/uploads\/sites\/9\/2019\/10\/CD-Jesuitinas-Cpto-Espa\u00f1a-sub-11-2019_5-4-225x300.jpg\" class=\"attachment-medium size-medium\" alt=\"\" loading=\"lazy\" srcset=\"http:\/\/blogs.jesuitinaspamplona.org\/deportes\/wp-content\/uploads\/sites\/9\/2019\/10\/CD-Jesuitinas-Cpto-Espa\u00f1a-sub-11-2019_5-4-225x300.jpg 225w, http:\/\/blogs.jesuitinaspamplona.org\/deportes\/wp-content\/uploads\/sites\/9\/2019\/10\/CD-Jesuitinas-Cpto-Espa\u00f1a-sub-11-2019_5-4-768x1024.jpg 768w, http:\/\/blogs.jesuitinaspamplona.org\/deportes\/wp-content\/uploads\/sites\/9\/2019\/10\/CD-Jesuitinas-Cpto-Espa\u00f1a-sub-11-2019_5-4.jpg 1200w\" sizes=\"(max-width: 225px) 100vw, 225px\" \/><\/a>\n\t\t\t<\/div><\/figure><figure class='gallery-item'>\n\t\t\t<div class='gallery-icon landscape'>\n\t\t\t\t<a href='http:\/\/blogs.jesuitinaspamplona.org\/deportes\/el-equipo-de-beisbol-del-colegio-4o-en-el-campeonato-de-espana-sub-11\/edf-10\/#main'><img width=\"300\" height=\"225\" src=\"http:\/\/blogs.jesuitinaspamplona.org\/deportes\/wp-content\/uploads\/sites\/9\/2019\/10\/CD-Jesuitinas-Cpto-Espa\u00f1a-sub-11-2019_-2_redimensionar-300x225.jpg\" class=\"attachment-medium size-medium\" alt=\"\" loading=\"lazy\" srcset=\"http:\/\/blogs.jesuitinaspamplona.org\/deportes\/wp-content\/uploads\/sites\/9\/2019\/10\/CD-Jesuitinas-Cpto-Espa\u00f1a-sub-11-2019_-2_redimensionar-300x225.jpg 300w, http:\/\/blogs.jesuitinaspamplona.org\/deportes\/wp-content\/uploads\/sites\/9\/2019\/10\/CD-Jesuitinas-Cpto-Espa\u00f1a-sub-11-2019_-2_redimensionar.jpg 533w\" sizes=\"(max-width: 300px) 100vw, 300px\" \/><\/a>\n\t\t\t<\/div><\/figure><figure class='gallery-item'>\n\t\t\t<div class='gallery-icon landscape'>\n\t\t\t\t<a href='http:\/\/blogs.jesuitinaspamplona.org\/deportes\/el-equipo-de-beisbol-del-colegio-4o-en-el-campeonato-de-espana-sub-11\/cd-jesuitinas-cpto-espana-sub-11-2019_451_redimensionar\/#main'><img width=\"300\" height=\"169\" src=\"http:\/\/blogs.jesuitinaspamplona.org\/deportes\/wp-content\/uploads\/sites\/9\/2019\/10\/CD-Jesuitinas-Cpto-Espa\u00f1a-sub-11-2019_451_redimensionar-300x169.jpg\" class=\"attachment-medium size-medium\" alt=\"\" loading=\"lazy\" srcset=\"http:\/\/blogs.jesuitinaspamplona.org\/deportes\/wp-content\/uploads\/sites\/9\/2019\/10\/CD-Jesuitinas-Cpto-Espa\u00f1a-sub-11-2019_451_redimensionar-300x169.jpg 300w, http:\/\/blogs.jesuitinaspamplona.org\/deportes\/wp-content\/uploads\/sites\/9\/2019\/10\/CD-Jesuitinas-Cpto-Espa\u00f1a-sub-11-2019_451_redimensionar.jpg 600w\" sizes=\"(max-width: 300px) 100vw, 300px\" \/><\/a>\n\t\t\t<\/div><\/figure><figure class='gallery-item'>\n\t\t\t<div class='gallery-icon landscape'>\n\t\t\t\t<a href='http:\/\/blogs.jesuitinaspamplona.org\/deportes\/el-equipo-de-beisbol-del-colegio-4o-en-el-campeonato-de-espana-sub-11\/cd-jesuitinas-cpto-espana-sub-11-valencia-2019_-199_redimensionar\/#main'><img width=\"300\" height=\"225\" src=\"http:\/\/blogs.jesuitinaspamplona.org\/deportes\/wp-content\/uploads\/sites\/9\/2019\/10\/CD-Jesuitinas-Cpto-Espa\u00f1a-sub-11-Valencia-2019_-199_redimensionar-300x225.jpg\" class=\"attachment-medium size-medium\" alt=\"\" loading=\"lazy\" srcset=\"http:\/\/blogs.jesuitinaspamplona.org\/deportes\/wp-content\/uploads\/sites\/9\/2019\/10\/CD-Jesuitinas-Cpto-Espa\u00f1a-sub-11-Valencia-2019_-199_redimensionar-300x225.jpg 300w, http:\/\/blogs.jesuitinaspamplona.org\/deportes\/wp-content\/uploads\/sites\/9\/2019\/10\/CD-Jesuitinas-Cpto-Espa\u00f1a-sub-11-Valencia-2019_-199_redimensionar-768x576.jpg 768w, http:\/\/blogs.jesuitinaspamplona.org\/deportes\/wp-content\/uploads\/sites\/9\/2019\/10\/CD-Jesuitinas-Cpto-Espa\u00f1a-sub-11-Valencia-2019_-199_redimensionar.jpg 800w\" sizes=\"(max-width: 300px) 100vw, 300px\" \/><\/a>\n\t\t\t<\/div><\/figure><figure class='gallery-item'>\n\t\t\t<div class='gallery-icon landscape'>\n\t\t\t\t<a href='http:\/\/blogs.jesuitinaspamplona.org\/deportes\/el-equipo-de-beisbol-del-colegio-4o-en-el-campeonato-de-espana-sub-11\/edf-12\/#main'><img width=\"300\" height=\"225\" src=\"http:\/\/blogs.jesuitinaspamplona.org\/deportes\/wp-content\/uploads\/sites\/9\/2019\/10\/CD-Jesuitinas-Cpto-Espa\u00f1a-sub-11-Valencia-2019_-4_redimensionar-300x225.jpg\" class=\"attachment-medium size-medium\" alt=\"\" loading=\"lazy\" srcset=\"http:\/\/blogs.jesuitinaspamplona.org\/deportes\/wp-content\/uploads\/sites\/9\/2019\/10\/CD-Jesuitinas-Cpto-Espa\u00f1a-sub-11-Valencia-2019_-4_redimensionar-300x225.jpg 300w, http:\/\/blogs.jesuitinaspamplona.org\/deportes\/wp-content\/uploads\/sites\/9\/2019\/10\/CD-Jesuitinas-Cpto-Espa\u00f1a-sub-11-Valencia-2019_-4_redimensionar-768x576.jpg 768w, http:\/\/blogs.jesuitinaspamplona.org\/deportes\/wp-content\/uploads\/sites\/9\/2019\/10\/CD-Jesuitinas-Cpto-Espa\u00f1a-sub-11-Valencia-2019_-4_redimensionar.jpg 800w\" sizes=\"(max-width: 300px) 100vw, 300px\" \/><\/a>\n\t\t\t<\/div><\/figure><figure class='gallery-item'>\n\t\t\t<div class='gallery-icon portrait'>\n\t\t\t\t<a href='http:\/\/blogs.jesuitinaspamplona.org\/deportes\/el-equipo-de-beisbol-del-colegio-4o-en-el-campeonato-de-espana-sub-11\/cd-jesuitinas-cpto-espana-sub-11-2019_-1_redimensionar-2\/#main'><img width=\"212\" height=\"300\" src=\"http:\/\/blogs.jesuitinaspamplona.org\/deportes\/wp-content\/uploads\/sites\/9\/2019\/10\/CD-Jesuitinas-Cpto-Espa\u00f1a-sub-11-2019_-1_redimensionar-1-212x300.jpg\" class=\"attachment-medium size-medium\" alt=\"\" loading=\"lazy\" srcset=\"http:\/\/blogs.jesuitinaspamplona.org\/deportes\/wp-content\/uploads\/sites\/9\/2019\/10\/CD-Jesuitinas-Cpto-Espa\u00f1a-sub-11-2019_-1_redimensionar-1-212x300.jpg 212w, http:\/\/blogs.jesuitinaspamplona.org\/deportes\/wp-content\/uploads\/sites\/9\/2019\/10\/CD-Jesuitinas-Cpto-Espa\u00f1a-sub-11-2019_-1_redimensionar-1.jpg 282w\" sizes=\"(max-width: 212px) 100vw, 212px\" \/><\/a>\n\t\t\t<\/div><\/figure>\n\t\t<\/div>\n\n","protected":false},"excerpt":{"rendered":"<p>El Club Deportivo Jesuitinas \u00a0ha logrado un meritorio cuarto puesto en el Campeonato de Espa\u00f1a de B\u00e9isbol en la categor\u00eda sub 11 (alevines), celebrado del 10 al 13 de octubre en Valencia. De esta forma, nuestro equipo regresaba a la competici\u00f3n nacional, tras su \u00faltima participaci\u00f3n en el Campeonato de Espa\u00f1a Infantil de 2012, en &#8230; <a title=\"El equipo de b\u00e9isbol del Colegio, 4\u00ba en el Campeonato de Espa\u00f1a sub 11.\" class=\"read-more\" href=\"http:\/\/blogs.jesuitinaspamplona.org\/deportes\/el-equipo-de-beisbol-del-colegio-4o-en-el-campeonato-de-espana-sub-11\/\" aria-label=\"M\u00e1s en El equipo de b\u00e9isbol del Colegio, 4\u00ba en el Campeonato de Espa\u00f1a sub 11.\">Leer m\u00e1s<\/a><\/p>\n","protected":false},"author":3,"featured_media":1393,"comment_status":"open","ping_status":"open","sticky":false,"template":"","format":"standard","meta":{"_monsterinsights_skip_tracking":false,"_monsterinsights_sitenote_active":false,"_monsterinsights_sitenote_note":"","_monsterinsights_sitenote_category":0},"categories":[26],"tags":[17,22],"yoast_head":"<!-- This site is optimized with the Yoast SEO plugin v17.8 - https:\/\/yoast.com\/wordpress\/plugins\/seo\/ -->\n<title>El equipo de b\u00e9isbol del Colegio, 4\u00ba en el Campeonato de Espa\u00f1a sub 11. - Deportes Jesuitinas Pamplona<\/title>\n<meta name=\"robots\" content=\"index, follow, max-snippet:-1, max-image-preview:large, max-video-preview:-1\" \/>\n<link rel=\"canonical\" href=\"http:\/\/blogs.jesuitinaspamplona.org\/deportes\/el-equipo-de-beisbol-del-colegio-4o-en-el-campeonato-de-espana-sub-11\/\" \/>\n<meta property=\"og:locale\" content=\"es_ES\" \/>\n<meta property=\"og:type\" content=\"article\" \/>\n<meta property=\"og:title\" content=\"El equipo de b\u00e9isbol del Colegio, 4\u00ba en el Campeonato de Espa\u00f1a sub 11. - Deportes Jesuitinas Pamplona\" \/>\n<meta property=\"og:description\" content=\"El Club Deportivo Jesuitinas \u00a0ha logrado un meritorio cuarto puesto en el Campeonato de Espa\u00f1a de B\u00e9isbol en la categor\u00eda sub 11 (alevines), celebrado del 10 al 13 de octubre en Valencia. De esta forma, nuestro equipo regresaba a la competici\u00f3n nacional, tras su \u00faltima participaci\u00f3n en el Campeonato de Espa\u00f1a Infantil de 2012, en ... Leer m\u00e1s\" \/>\n<meta property=\"og:url\" content=\"http:\/\/blogs.jesuitinaspamplona.org\/deportes\/el-equipo-de-beisbol-del-colegio-4o-en-el-campeonato-de-espana-sub-11\/\" \/>\n<meta property=\"og:site_name\" content=\"Deportes Jesuitinas Pamplona\" \/>\n<meta property=\"article:published_time\" content=\"2019-10-14T23:17:57+00:00\" \/>\n<meta property=\"article:modified_time\" content=\"2019-10-14T23:42:21+00:00\" \/>\n<meta property=\"og:image\" content=\"http:\/\/blogs.jesuitinaspamplona.org\/deportes\/wp-content\/uploads\/sites\/9\/2019\/10\/CD-Jesuitinas-Cpto-Espa\u00f1a-sub-11-2019_-22_redimensionar.jpg\" \/>\n\t<meta property=\"og:image:width\" content=\"600\" \/>\n\t<meta property=\"og:image:height\" content=\"337\" \/>\n<meta name=\"twitter:card\" content=\"summary\" \/>\n<meta name=\"twitter:label1\" content=\"Escrito por\" \/>\n\t<meta name=\"twitter:data1\" content=\"Profesores de Proyectos\" \/>\n\t<meta name=\"twitter:label2\" content=\"Tiempo de lectura\" \/>\n\t<meta name=\"twitter:data2\" content=\"6 minutos\" \/>\n<script type=\"application\/ld+json\" class=\"yoast-schema-graph\">{\"@context\":\"https:\/\/schema.org\",\"@graph\":[{\"@type\":\"WebSite\",\"@id\":\"http:\/\/blogs.jesuitinaspamplona.org\/deportes\/#website\",\"url\":\"http:\/\/blogs.jesuitinaspamplona.org\/deportes\/\",\"name\":\"Deportes Jesuitinas Pamplona\",\"description\":\"Blog Deportes\",\"potentialAction\":[{\"@type\":\"SearchAction\",\"target\":{\"@type\":\"EntryPoint\",\"urlTemplate\":\"http:\/\/blogs.jesuitinaspamplona.org\/deportes\/?s={search_term_string}\"},\"query-input\":\"required name=search_term_string\"}],\"inLanguage\":\"es\"},{\"@type\":\"ImageObject\",\"@id\":\"http:\/\/blogs.jesuitinaspamplona.org\/deportes\/el-equipo-de-beisbol-del-colegio-4o-en-el-campeonato-de-espana-sub-11\/#primaryimage\",\"inLanguage\":\"es\",\"url\":\"http:\/\/blogs.jesuitinaspamplona.org\/deportes\/wp-content\/uploads\/sites\/9\/2019\/10\/CD-Jesuitinas-Cpto-Espa\\u00f1a-sub-11-2019_-22_redimensionar.jpg\",\"contentUrl\":\"http:\/\/blogs.jesuitinaspamplona.org\/deportes\/wp-content\/uploads\/sites\/9\/2019\/10\/CD-Jesuitinas-Cpto-Espa\\u00f1a-sub-11-2019_-22_redimensionar.jpg\",\"width\":600,\"height\":337},{\"@type\":\"WebPage\",\"@id\":\"http:\/\/blogs.jesuitinaspamplona.org\/deportes\/el-equipo-de-beisbol-del-colegio-4o-en-el-campeonato-de-espana-sub-11\/#webpage\",\"url\":\"http:\/\/blogs.jesuitinaspamplona.org\/deportes\/el-equipo-de-beisbol-del-colegio-4o-en-el-campeonato-de-espana-sub-11\/\",\"name\":\"El equipo de b\\u00e9isbol del Colegio, 4\\u00ba en el Campeonato de Espa\\u00f1a sub 11. - Deportes Jesuitinas Pamplona\",\"isPartOf\":{\"@id\":\"http:\/\/blogs.jesuitinaspamplona.org\/deportes\/#website\"},\"primaryImageOfPage\":{\"@id\":\"http:\/\/blogs.jesuitinaspamplona.org\/deportes\/el-equipo-de-beisbol-del-colegio-4o-en-el-campeonato-de-espana-sub-11\/#primaryimage\"},\"datePublished\":\"2019-10-14T23:17:57+00:00\",\"dateModified\":\"2019-10-14T23:42:21+00:00\",\"author\":{\"@id\":\"http:\/\/blogs.jesuitinaspamplona.org\/deportes\/#\/schema\/person\/be1e864c7bd42c1fbfee39c3915275c9\"},\"breadcrumb\":{\"@id\":\"http:\/\/blogs.jesuitinaspamplona.org\/deportes\/el-equipo-de-beisbol-del-colegio-4o-en-el-campeonato-de-espana-sub-11\/#breadcrumb\"},\"inLanguage\":\"es\",\"potentialAction\":[{\"@type\":\"ReadAction\",\"target\":[\"http:\/\/blogs.jesuitinaspamplona.org\/deportes\/el-equipo-de-beisbol-del-colegio-4o-en-el-campeonato-de-espana-sub-11\/\"]}]},{\"@type\":\"BreadcrumbList\",\"@id\":\"http:\/\/blogs.jesuitinaspamplona.org\/deportes\/el-equipo-de-beisbol-del-colegio-4o-en-el-campeonato-de-espana-sub-11\/#breadcrumb\",\"itemListElement\":[{\"@type\":\"ListItem\",\"position\":1,\"name\":\"Portada\",\"item\":\"http:\/\/blogs.jesuitinaspamplona.org\/deportes\/\"},{\"@type\":\"ListItem\",\"position\":2,\"name\":\"El equipo de b\\u00e9isbol del Colegio, 4\\u00ba en el Campeonato de Espa\\u00f1a sub 11.\"}]},{\"@type\":\"Person\",\"@id\":\"http:\/\/blogs.jesuitinaspamplona.org\/deportes\/#\/schema\/person\/be1e864c7bd42c1fbfee39c3915275c9\",\"name\":\"Profesores de Proyectos\",\"image\":{\"@type\":\"ImageObject\",\"@id\":\"http:\/\/blogs.jesuitinaspamplona.org\/deportes\/#personlogo\",\"inLanguage\":\"es\",\"url\":\"http:\/\/2.gravatar.com\/avatar\/2cbeb015b40a15bc00e84232a1e89512?s=96&d=mm&r=g\",\"contentUrl\":\"http:\/\/2.gravatar.com\/avatar\/2cbeb015b40a15bc00e84232a1e89512?s=96&d=mm&r=g\",\"caption\":\"Profesores de Proyectos\"},\"url\":\"http:\/\/blogs.jesuitinaspamplona.org\/deportes\/author\/pablo\/\"}]}<\/script>\n<!-- \/ Yoast SEO plugin. -->","yoast_head_json":{"title":"El equipo de b\u00e9isbol del Colegio, 4\u00ba en el Campeonato de Espa\u00f1a sub 11. - Deportes Jesuitinas Pamplona","robots":{"index":"index","follow":"follow","max-snippet":"max-snippet:-1","max-image-preview":"max-image-preview:large","max-video-preview":"max-video-preview:-1"},"canonical":"http:\/\/blogs.jesuitinaspamplona.org\/deportes\/el-equipo-de-beisbol-del-colegio-4o-en-el-campeonato-de-espana-sub-11\/","og_locale":"es_ES","og_type":"article","og_title":"El equipo de b\u00e9isbol del Colegio, 4\u00ba en el Campeonato de Espa\u00f1a sub 11. - Deportes Jesuitinas Pamplona","og_description":"El Club Deportivo Jesuitinas \u00a0ha logrado un meritorio cuarto puesto en el Campeonato de Espa\u00f1a de B\u00e9isbol en la categor\u00eda sub 11 (alevines), celebrado del 10 al 13 de octubre en Valencia. De esta forma, nuestro equipo regresaba a la competici\u00f3n nacional, tras su \u00faltima participaci\u00f3n en el Campeonato de Espa\u00f1a Infantil de 2012, en ... Leer m\u00e1s","og_url":"http:\/\/blogs.jesuitinaspamplona.org\/deportes\/el-equipo-de-beisbol-del-colegio-4o-en-el-campeonato-de-espana-sub-11\/","og_site_name":"Deportes Jesuitinas Pamplona","article_published_time":"2019-10-14T23:17:57+00:00","article_modified_time":"2019-10-14T23:42:21+00:00","og_image":[{"width":600,"height":337,"url":"http:\/\/blogs.jesuitinaspamplona.org\/deportes\/wp-content\/uploads\/sites\/9\/2019\/10\/CD-Jesuitinas-Cpto-Espa\u00f1a-sub-11-2019_-22_redimensionar.jpg","type":"image\/jpeg"}],"twitter_card":"summary","twitter_misc":{"Escrito por":"Profesores de Proyectos","Tiempo de lectura":"6 minutos"},"schema":{"@context":"https:\/\/schema.org","@graph":[{"@type":"WebSite","@id":"http:\/\/blogs.jesuitinaspamplona.org\/deportes\/#website","url":"http:\/\/blogs.jesuitinaspamplona.org\/deportes\/","name":"Deportes Jesuitinas Pamplona","description":"Blog Deportes","potentialAction":[{"@type":"SearchAction","target":{"@type":"EntryPoint","urlTemplate":"http:\/\/blogs.jesuitinaspamplona.org\/deportes\/?s={search_term_string}"},"query-input":"required name=search_term_string"}],"inLanguage":"es"},{"@type":"ImageObject","@id":"http:\/\/blogs.jesuitinaspamplona.org\/deportes\/el-equipo-de-beisbol-del-colegio-4o-en-el-campeonato-de-espana-sub-11\/#primaryimage","inLanguage":"es","url":"http:\/\/blogs.jesuitinaspamplona.org\/deportes\/wp-content\/uploads\/sites\/9\/2019\/10\/CD-Jesuitinas-Cpto-Espa\u00f1a-sub-11-2019_-22_redimensionar.jpg","contentUrl":"http:\/\/blogs.jesuitinaspamplona.org\/deportes\/wp-content\/uploads\/sites\/9\/2019\/10\/CD-Jesuitinas-Cpto-Espa\u00f1a-sub-11-2019_-22_redimensionar.jpg","width":600,"height":337},{"@type":"WebPage","@id":"http:\/\/blogs.jesuitinaspamplona.org\/deportes\/el-equipo-de-beisbol-del-colegio-4o-en-el-campeonato-de-espana-sub-11\/#webpage","url":"http:\/\/blogs.jesuitinaspamplona.org\/deportes\/el-equipo-de-beisbol-del-colegio-4o-en-el-campeonato-de-espana-sub-11\/","name":"El equipo de b\u00e9isbol del Colegio, 4\u00ba en el Campeonato de Espa\u00f1a sub 11. - Deportes Jesuitinas Pamplona","isPartOf":{"@id":"http:\/\/blogs.jesuitinaspamplona.org\/deportes\/#website"},"primaryImageOfPage":{"@id":"http:\/\/blogs.jesuitinaspamplona.org\/deportes\/el-equipo-de-beisbol-del-colegio-4o-en-el-campeonato-de-espana-sub-11\/#primaryimage"},"datePublished":"2019-10-14T23:17:57+00:00","dateModified":"2019-10-14T23:42:21+00:00","author":{"@id":"http:\/\/blogs.jesuitinaspamplona.org\/deportes\/#\/schema\/person\/be1e864c7bd42c1fbfee39c3915275c9"},"breadcrumb":{"@id":"http:\/\/blogs.jesuitinaspamplona.org\/deportes\/el-equipo-de-beisbol-del-colegio-4o-en-el-campeonato-de-espana-sub-11\/#breadcrumb"},"inLanguage":"es","potentialAction":[{"@type":"ReadAction","target":["http:\/\/blogs.jesuitinaspamplona.org\/deportes\/el-equipo-de-beisbol-del-colegio-4o-en-el-campeonato-de-espana-sub-11\/"]}]},{"@type":"BreadcrumbList","@id":"http:\/\/blogs.jesuitinaspamplona.org\/deportes\/el-equipo-de-beisbol-del-colegio-4o-en-el-campeonato-de-espana-sub-11\/#breadcrumb","itemListElement":[{"@type":"ListItem","position":1,"name":"Portada","item":"http:\/\/blogs.jesuitinaspamplona.org\/deportes\/"},{"@type":"ListItem","position":2,"name":"El equipo de b\u00e9isbol del Colegio, 4\u00ba en el Campeonato de Espa\u00f1a sub 11."}]},{"@type":"Person","@id":"http:\/\/blogs.jesuitinaspamplona.org\/deportes\/#\/schema\/person\/be1e864c7bd42c1fbfee39c3915275c9","name":"Profesores de Proyectos","image":{"@type":"ImageObject","@id":"http:\/\/blogs.jesuitinaspamplona.org\/deportes\/#personlogo","inLanguage":"es","url":"http:\/\/2.gravatar.com\/avatar\/2cbeb015b40a15bc00e84232a1e89512?s=96&d=mm&r=g","contentUrl":"http:\/\/2.gravatar.com\/avatar\/2cbeb015b40a15bc00e84232a1e89512?s=96&d=mm&r=g","caption":"Profesores de Proyectos"},"url":"http:\/\/blogs.jesuitinaspamplona.org\/deportes\/author\/pablo\/"}]}},"_links":{"self":[{"href":"http:\/\/blogs.jesuitinaspamplona.org\/deportes\/wp-json\/wp\/v2\/posts\/1352"}],"collection":[{"href":"http:\/\/blogs.jesuitinaspamplona.org\/deportes\/wp-json\/wp\/v2\/posts"}],"about":[{"href":"http:\/\/blogs.jesuitinaspamplona.org\/deportes\/wp-json\/wp\/v2\/types\/post"}],"author":[{"embeddable":true,"href":"http:\/\/blogs.jesuitinaspamplona.org\/deportes\/wp-json\/wp\/v2\/users\/3"}],"replies":[{"embeddable":true,"href":"http:\/\/blogs.jesuitinaspamplona.org\/deportes\/wp-json\/wp\/v2\/comments?post=1352"}],"version-history":[{"count":9,"href":"http:\/\/blogs.jesuitinaspamplona.org\/deportes\/wp-json\/wp\/v2\/posts\/1352\/revisions"}],"predecessor-version":[{"id":1477,"href":"http:\/\/blogs.jesuitinaspamplona.org\/deportes\/wp-json\/wp\/v2\/posts\/1352\/revisions\/1477"}],"wp:featuredmedia":[{"embeddable":true,"href":"http:\/\/blogs.jesuitinaspamplona.org\/deportes\/wp-json\/wp\/v2\/media\/1393"}],"wp:attachment":[{"href":"http:\/\/blogs.jesuitinaspamplona.org\/deportes\/wp-json\/wp\/v2\/media?parent=1352"}],"wp:term":[{"taxonomy":"category","embeddable":true,"href":"http:\/\/blogs.jesuitinaspamplona.org\/deportes\/wp-json\/wp\/v2\/categories?post=1352"},{"taxonomy":"post_tag","embeddable":true,"href":"http:\/\/blogs.jesuitinaspamplona.org\/deportes\/wp-json\/wp\/v2\/tags?post=1352"}],"curies":[{"name":"wp","href":"https:\/\/api.w.org\/{rel}","templated":true}]}}