{"id":1616,"date":"2020-12-11T07:21:41","date_gmt":"2020-12-11T06:21:41","guid":{"rendered":"http:\/\/blogs.jesuitinaspamplona.org\/deportes\/?p=1616"},"modified":"2020-12-11T07:48:27","modified_gmt":"2020-12-11T06:48:27","slug":"nerea-diaz-4a-en-el-campeonato-de-espana-de-gimnasia-adaptada","status":"publish","type":"post","link":"http:\/\/blogs.jesuitinaspamplona.org\/deportes\/nerea-diaz-4a-en-el-campeonato-de-espana-de-gimnasia-adaptada\/","title":{"rendered":"Nerea D\u00edaz, 4\u00aa en el Campeonato de Espa\u00f1a de Gimnasia R\u00edtmica Adaptada"},"content":{"rendered":"\n<p>Enhorabuena a Nerea D\u00edaz, alumna de la UCE del Colegio Jesuitinas, quien se proclam\u00f3 4\u00aa clasificada en el Campeonato de Espa\u00f1a de Gimnasia R\u00edtmica Adaptada. As\u00ed lo recogi\u00f3 <a href=\"https:\/\/larraina.es\/cuarto-puesto-para-nerea-diaz-en-el-campeonato-de-espana-de-gimnasia-ritmica-adaptada\/\" target=\"_blank\" rel=\"noreferrer noopener\">la web de su club<\/a>,   y esta es la noticia en el <a href=\"https:\/\/www.noticiasdenavarra.com\/navarra\/pamplona\/2020\/12\/07\/nerea-diaz-navarra-gimnasia-ritmica-adaptada\/1101382.html\" target=\"_blank\" rel=\"noreferrer noopener\">Diario de Noticias<\/a>. <\/p>\n\n\n\n<div class=\"wp-block-image\"><figure class=\"aligncenter size-large\"><img loading=\"lazy\" width=\"328\" height=\"489\" src=\"http:\/\/blogs.jesuitinaspamplona.org\/deportes\/wp-content\/uploads\/sites\/9\/2020\/12\/Nerea-Diaz-4-Cpto-Espana-Gimnasia-Adaptada_-1.jpg\" alt=\"\" class=\"wp-image-1618\" srcset=\"http:\/\/blogs.jesuitinaspamplona.org\/deportes\/wp-content\/uploads\/sites\/9\/2020\/12\/Nerea-Diaz-4-Cpto-Espana-Gimnasia-Adaptada_-1.jpg 328w, http:\/\/blogs.jesuitinaspamplona.org\/deportes\/wp-content\/uploads\/sites\/9\/2020\/12\/Nerea-Diaz-4-Cpto-Espana-Gimnasia-Adaptada_-1-201x300.jpg 201w\" sizes=\"(max-width: 328px) 100vw, 328px\" \/><figcaption>Nerea, en plena actuaci\u00f3n en el Campeonato de Espa\u00f1a, disputado en Elche<\/figcaption><\/figure><\/div>\n\n\n\n<figure class=\"wp-block-image size-large\"><img loading=\"lazy\" width=\"1024\" height=\"607\" src=\"http:\/\/blogs.jesuitinaspamplona.org\/deportes\/wp-content\/uploads\/sites\/9\/2020\/12\/Nerea-Diaz-4-Cpto-Espana-Gimnasia-Adaptada_-2-1024x607.jpg\" alt=\"\" class=\"wp-image-1619\" srcset=\"http:\/\/blogs.jesuitinaspamplona.org\/deportes\/wp-content\/uploads\/sites\/9\/2020\/12\/Nerea-Diaz-4-Cpto-Espana-Gimnasia-Adaptada_-2-1024x607.jpg 1024w, http:\/\/blogs.jesuitinaspamplona.org\/deportes\/wp-content\/uploads\/sites\/9\/2020\/12\/Nerea-Diaz-4-Cpto-Espana-Gimnasia-Adaptada_-2-300x178.jpg 300w, http:\/\/blogs.jesuitinaspamplona.org\/deportes\/wp-content\/uploads\/sites\/9\/2020\/12\/Nerea-Diaz-4-Cpto-Espana-Gimnasia-Adaptada_-2-768x455.jpg 768w, http:\/\/blogs.jesuitinaspamplona.org\/deportes\/wp-content\/uploads\/sites\/9\/2020\/12\/Nerea-Diaz-4-Cpto-Espana-Gimnasia-Adaptada_-2.jpg 1080w\" sizes=\"(max-width: 1024px) 100vw, 1024px\" \/><\/figure>\n\n\n\n<figure class=\"wp-block-image size-large\"><img loading=\"lazy\" width=\"768\" height=\"1024\" src=\"http:\/\/blogs.jesuitinaspamplona.org\/deportes\/wp-content\/uploads\/sites\/9\/2020\/12\/Nerea-Diaz-4-Cpto-Espana-Gimnasia-Adaptada_-3.jpg\" alt=\"\" class=\"wp-image-1620\" srcset=\"http:\/\/blogs.jesuitinaspamplona.org\/deportes\/wp-content\/uploads\/sites\/9\/2020\/12\/Nerea-Diaz-4-Cpto-Espana-Gimnasia-Adaptada_-3.jpg 768w, http:\/\/blogs.jesuitinaspamplona.org\/deportes\/wp-content\/uploads\/sites\/9\/2020\/12\/Nerea-Diaz-4-Cpto-Espana-Gimnasia-Adaptada_-3-225x300.jpg 225w\" sizes=\"(max-width: 768px) 100vw, 768px\" \/><\/figure>\n\n\n\n<p>Enhorabuena a Nerea, y a su familia y entrenadoras, ya que todo el esfuerzo adicional para adaptar los entrenamientos por la pandemia han merecido la pena. \u00a1\u00a1<strong>Toda una campeona!<\/strong>!<\/p>\n","protected":false},"excerpt":{"rendered":"<p>Enhorabuena a Nerea D\u00edaz, alumna de la UCE del Colegio Jesuitinas, quien se proclam\u00f3 4\u00aa clasificada en el Campeonato de Espa\u00f1a de Gimnasia R\u00edtmica Adaptada. As\u00ed lo recogi\u00f3 la web de su club, y esta es la noticia en el Diario de Noticias. Enhorabuena a Nerea, y a su familia y entrenadoras, ya que todo &#8230; <a title=\"Nerea D\u00edaz, 4\u00aa en el Campeonato de Espa\u00f1a de Gimnasia R\u00edtmica Adaptada\" class=\"read-more\" href=\"http:\/\/blogs.jesuitinaspamplona.org\/deportes\/nerea-diaz-4a-en-el-campeonato-de-espana-de-gimnasia-adaptada\/\" aria-label=\"M\u00e1s en Nerea D\u00edaz, 4\u00aa en el Campeonato de Espa\u00f1a de Gimnasia R\u00edtmica Adaptada\">Leer m\u00e1s<\/a><\/p>\n","protected":false},"author":3,"featured_media":1620,"comment_status":"open","ping_status":"open","sticky":false,"template":"","format":"standard","meta":{"_monsterinsights_skip_tracking":false,"_monsterinsights_sitenote_active":false,"_monsterinsights_sitenote_note":"","_monsterinsights_sitenote_category":0},"categories":[1],"tags":[31,29,30],"yoast_head":"<!-- This site is optimized with the Yoast SEO plugin v17.8 - https:\/\/yoast.com\/wordpress\/plugins\/seo\/ -->\n<title>Nerea D\u00edaz, 4\u00aa en el Campeonato de Espa\u00f1a de Gimnasia R\u00edtmica Adaptada - Deportes Jesuitinas Pamplona<\/title>\n<meta name=\"robots\" content=\"index, follow, max-snippet:-1, max-image-preview:large, max-video-preview:-1\" \/>\n<link rel=\"canonical\" href=\"http:\/\/blogs.jesuitinaspamplona.org\/deportes\/nerea-diaz-4a-en-el-campeonato-de-espana-de-gimnasia-adaptada\/\" \/>\n<meta property=\"og:locale\" content=\"es_ES\" \/>\n<meta property=\"og:type\" content=\"article\" \/>\n<meta property=\"og:title\" content=\"Nerea D\u00edaz, 4\u00aa en el Campeonato de Espa\u00f1a de Gimnasia R\u00edtmica Adaptada - Deportes Jesuitinas Pamplona\" \/>\n<meta property=\"og:description\" content=\"Enhorabuena a Nerea D\u00edaz, alumna de la UCE del Colegio Jesuitinas, quien se proclam\u00f3 4\u00aa clasificada en el Campeonato de Espa\u00f1a de Gimnasia R\u00edtmica Adaptada. As\u00ed lo recogi\u00f3 la web de su club, y esta es la noticia en el Diario de Noticias. Enhorabuena a Nerea, y a su familia y entrenadoras, ya que todo ... Leer m\u00e1s\" \/>\n<meta property=\"og:url\" content=\"http:\/\/blogs.jesuitinaspamplona.org\/deportes\/nerea-diaz-4a-en-el-campeonato-de-espana-de-gimnasia-adaptada\/\" \/>\n<meta property=\"og:site_name\" content=\"Deportes Jesuitinas Pamplona\" \/>\n<meta property=\"article:published_time\" content=\"2020-12-11T06:21:41+00:00\" \/>\n<meta property=\"article:modified_time\" content=\"2020-12-11T06:48:27+00:00\" \/>\n<meta property=\"og:image\" content=\"http:\/\/blogs.jesuitinaspamplona.org\/deportes\/wp-content\/uploads\/sites\/9\/2020\/12\/Nerea-Diaz-4-Cpto-Espana-Gimnasia-Adaptada_-3.jpg\" \/>\n\t<meta property=\"og:image:width\" content=\"768\" \/>\n\t<meta property=\"og:image:height\" content=\"1024\" \/>\n<meta name=\"twitter:card\" content=\"summary\" \/>\n<meta name=\"twitter:label1\" content=\"Escrito por\" \/>\n\t<meta name=\"twitter:data1\" content=\"Profesores de Proyectos\" \/>\n<script type=\"application\/ld+json\" class=\"yoast-schema-graph\">{\"@context\":\"https:\/\/schema.org\",\"@graph\":[{\"@type\":\"WebSite\",\"@id\":\"http:\/\/blogs.jesuitinaspamplona.org\/deportes\/#website\",\"url\":\"http:\/\/blogs.jesuitinaspamplona.org\/deportes\/\",\"name\":\"Deportes Jesuitinas Pamplona\",\"description\":\"Blog Deportes\",\"potentialAction\":[{\"@type\":\"SearchAction\",\"target\":{\"@type\":\"EntryPoint\",\"urlTemplate\":\"http:\/\/blogs.jesuitinaspamplona.org\/deportes\/?s={search_term_string}\"},\"query-input\":\"required name=search_term_string\"}],\"inLanguage\":\"es\"},{\"@type\":\"ImageObject\",\"@id\":\"http:\/\/blogs.jesuitinaspamplona.org\/deportes\/nerea-diaz-4a-en-el-campeonato-de-espana-de-gimnasia-adaptada\/#primaryimage\",\"inLanguage\":\"es\",\"url\":\"http:\/\/blogs.jesuitinaspamplona.org\/deportes\/wp-content\/uploads\/sites\/9\/2020\/12\/Nerea-Diaz-4-Cpto-Espana-Gimnasia-Adaptada_-3.jpg\",\"contentUrl\":\"http:\/\/blogs.jesuitinaspamplona.org\/deportes\/wp-content\/uploads\/sites\/9\/2020\/12\/Nerea-Diaz-4-Cpto-Espana-Gimnasia-Adaptada_-3.jpg\",\"width\":768,\"height\":1024},{\"@type\":\"WebPage\",\"@id\":\"http:\/\/blogs.jesuitinaspamplona.org\/deportes\/nerea-diaz-4a-en-el-campeonato-de-espana-de-gimnasia-adaptada\/#webpage\",\"url\":\"http:\/\/blogs.jesuitinaspamplona.org\/deportes\/nerea-diaz-4a-en-el-campeonato-de-espana-de-gimnasia-adaptada\/\",\"name\":\"Nerea D\\u00edaz, 4\\u00aa en el Campeonato de Espa\\u00f1a de Gimnasia R\\u00edtmica Adaptada - Deportes Jesuitinas Pamplona\",\"isPartOf\":{\"@id\":\"http:\/\/blogs.jesuitinaspamplona.org\/deportes\/#website\"},\"primaryImageOfPage\":{\"@id\":\"http:\/\/blogs.jesuitinaspamplona.org\/deportes\/nerea-diaz-4a-en-el-campeonato-de-espana-de-gimnasia-adaptada\/#primaryimage\"},\"datePublished\":\"2020-12-11T06:21:41+00:00\",\"dateModified\":\"2020-12-11T06:48:27+00:00\",\"author\":{\"@id\":\"http:\/\/blogs.jesuitinaspamplona.org\/deportes\/#\/schema\/person\/be1e864c7bd42c1fbfee39c3915275c9\"},\"breadcrumb\":{\"@id\":\"http:\/\/blogs.jesuitinaspamplona.org\/deportes\/nerea-diaz-4a-en-el-campeonato-de-espana-de-gimnasia-adaptada\/#breadcrumb\"},\"inLanguage\":\"es\",\"potentialAction\":[{\"@type\":\"ReadAction\",\"target\":[\"http:\/\/blogs.jesuitinaspamplona.org\/deportes\/nerea-diaz-4a-en-el-campeonato-de-espana-de-gimnasia-adaptada\/\"]}]},{\"@type\":\"BreadcrumbList\",\"@id\":\"http:\/\/blogs.jesuitinaspamplona.org\/deportes\/nerea-diaz-4a-en-el-campeonato-de-espana-de-gimnasia-adaptada\/#breadcrumb\",\"itemListElement\":[{\"@type\":\"ListItem\",\"position\":1,\"name\":\"Portada\",\"item\":\"http:\/\/blogs.jesuitinaspamplona.org\/deportes\/\"},{\"@type\":\"ListItem\",\"position\":2,\"name\":\"Nerea D\\u00edaz, 4\\u00aa en el Campeonato de Espa\\u00f1a de Gimnasia R\\u00edtmica Adaptada\"}]},{\"@type\":\"Person\",\"@id\":\"http:\/\/blogs.jesuitinaspamplona.org\/deportes\/#\/schema\/person\/be1e864c7bd42c1fbfee39c3915275c9\",\"name\":\"Profesores de Proyectos\",\"image\":{\"@type\":\"ImageObject\",\"@id\":\"http:\/\/blogs.jesuitinaspamplona.org\/deportes\/#personlogo\",\"inLanguage\":\"es\",\"url\":\"http:\/\/2.gravatar.com\/avatar\/2cbeb015b40a15bc00e84232a1e89512?s=96&d=mm&r=g\",\"contentUrl\":\"http:\/\/2.gravatar.com\/avatar\/2cbeb015b40a15bc00e84232a1e89512?s=96&d=mm&r=g\",\"caption\":\"Profesores de Proyectos\"},\"url\":\"http:\/\/blogs.jesuitinaspamplona.org\/deportes\/author\/pablo\/\"}]}<\/script>\n<!-- \/ Yoast SEO plugin. -->","yoast_head_json":{"title":"Nerea D\u00edaz, 4\u00aa en el Campeonato de Espa\u00f1a de Gimnasia R\u00edtmica Adaptada - Deportes Jesuitinas Pamplona","robots":{"index":"index","follow":"follow","max-snippet":"max-snippet:-1","max-image-preview":"max-image-preview:large","max-video-preview":"max-video-preview:-1"},"canonical":"http:\/\/blogs.jesuitinaspamplona.org\/deportes\/nerea-diaz-4a-en-el-campeonato-de-espana-de-gimnasia-adaptada\/","og_locale":"es_ES","og_type":"article","og_title":"Nerea D\u00edaz, 4\u00aa en el Campeonato de Espa\u00f1a de Gimnasia R\u00edtmica Adaptada - Deportes Jesuitinas Pamplona","og_description":"Enhorabuena a Nerea D\u00edaz, alumna de la UCE del Colegio Jesuitinas, quien se proclam\u00f3 4\u00aa clasificada en el Campeonato de Espa\u00f1a de Gimnasia R\u00edtmica Adaptada. As\u00ed lo recogi\u00f3 la web de su club, y esta es la noticia en el Diario de Noticias. Enhorabuena a Nerea, y a su familia y entrenadoras, ya que todo ... Leer m\u00e1s","og_url":"http:\/\/blogs.jesuitinaspamplona.org\/deportes\/nerea-diaz-4a-en-el-campeonato-de-espana-de-gimnasia-adaptada\/","og_site_name":"Deportes Jesuitinas Pamplona","article_published_time":"2020-12-11T06:21:41+00:00","article_modified_time":"2020-12-11T06:48:27+00:00","og_image":[{"width":768,"height":1024,"url":"http:\/\/blogs.jesuitinaspamplona.org\/deportes\/wp-content\/uploads\/sites\/9\/2020\/12\/Nerea-Diaz-4-Cpto-Espana-Gimnasia-Adaptada_-3.jpg","type":"image\/jpeg"}],"twitter_card":"summary","twitter_misc":{"Escrito por":"Profesores de Proyectos"},"schema":{"@context":"https:\/\/schema.org","@graph":[{"@type":"WebSite","@id":"http:\/\/blogs.jesuitinaspamplona.org\/deportes\/#website","url":"http:\/\/blogs.jesuitinaspamplona.org\/deportes\/","name":"Deportes Jesuitinas Pamplona","description":"Blog Deportes","potentialAction":[{"@type":"SearchAction","target":{"@type":"EntryPoint","urlTemplate":"http:\/\/blogs.jesuitinaspamplona.org\/deportes\/?s={search_term_string}"},"query-input":"required name=search_term_string"}],"inLanguage":"es"},{"@type":"ImageObject","@id":"http:\/\/blogs.jesuitinaspamplona.org\/deportes\/nerea-diaz-4a-en-el-campeonato-de-espana-de-gimnasia-adaptada\/#primaryimage","inLanguage":"es","url":"http:\/\/blogs.jesuitinaspamplona.org\/deportes\/wp-content\/uploads\/sites\/9\/2020\/12\/Nerea-Diaz-4-Cpto-Espana-Gimnasia-Adaptada_-3.jpg","contentUrl":"http:\/\/blogs.jesuitinaspamplona.org\/deportes\/wp-content\/uploads\/sites\/9\/2020\/12\/Nerea-Diaz-4-Cpto-Espana-Gimnasia-Adaptada_-3.jpg","width":768,"height":1024},{"@type":"WebPage","@id":"http:\/\/blogs.jesuitinaspamplona.org\/deportes\/nerea-diaz-4a-en-el-campeonato-de-espana-de-gimnasia-adaptada\/#webpage","url":"http:\/\/blogs.jesuitinaspamplona.org\/deportes\/nerea-diaz-4a-en-el-campeonato-de-espana-de-gimnasia-adaptada\/","name":"Nerea D\u00edaz, 4\u00aa en el Campeonato de Espa\u00f1a de Gimnasia R\u00edtmica Adaptada - Deportes Jesuitinas Pamplona","isPartOf":{"@id":"http:\/\/blogs.jesuitinaspamplona.org\/deportes\/#website"},"primaryImageOfPage":{"@id":"http:\/\/blogs.jesuitinaspamplona.org\/deportes\/nerea-diaz-4a-en-el-campeonato-de-espana-de-gimnasia-adaptada\/#primaryimage"},"datePublished":"2020-12-11T06:21:41+00:00","dateModified":"2020-12-11T06:48:27+00:00","author":{"@id":"http:\/\/blogs.jesuitinaspamplona.org\/deportes\/#\/schema\/person\/be1e864c7bd42c1fbfee39c3915275c9"},"breadcrumb":{"@id":"http:\/\/blogs.jesuitinaspamplona.org\/deportes\/nerea-diaz-4a-en-el-campeonato-de-espana-de-gimnasia-adaptada\/#breadcrumb"},"inLanguage":"es","potentialAction":[{"@type":"ReadAction","target":["http:\/\/blogs.jesuitinaspamplona.org\/deportes\/nerea-diaz-4a-en-el-campeonato-de-espana-de-gimnasia-adaptada\/"]}]},{"@type":"BreadcrumbList","@id":"http:\/\/blogs.jesuitinaspamplona.org\/deportes\/nerea-diaz-4a-en-el-campeonato-de-espana-de-gimnasia-adaptada\/#breadcrumb","itemListElement":[{"@type":"ListItem","position":1,"name":"Portada","item":"http:\/\/blogs.jesuitinaspamplona.org\/deportes\/"},{"@type":"ListItem","position":2,"name":"Nerea D\u00edaz, 4\u00aa en el Campeonato de Espa\u00f1a de Gimnasia R\u00edtmica Adaptada"}]},{"@type":"Person","@id":"http:\/\/blogs.jesuitinaspamplona.org\/deportes\/#\/schema\/person\/be1e864c7bd42c1fbfee39c3915275c9","name":"Profesores de Proyectos","image":{"@type":"ImageObject","@id":"http:\/\/blogs.jesuitinaspamplona.org\/deportes\/#personlogo","inLanguage":"es","url":"http:\/\/2.gravatar.com\/avatar\/2cbeb015b40a15bc00e84232a1e89512?s=96&d=mm&r=g","contentUrl":"http:\/\/2.gravatar.com\/avatar\/2cbeb015b40a15bc00e84232a1e89512?s=96&d=mm&r=g","caption":"Profesores de Proyectos"},"url":"http:\/\/blogs.jesuitinaspamplona.org\/deportes\/author\/pablo\/"}]}},"_links":{"self":[{"href":"http:\/\/blogs.jesuitinaspamplona.org\/deportes\/wp-json\/wp\/v2\/posts\/1616"}],"collection":[{"href":"http:\/\/blogs.jesuitinaspamplona.org\/deportes\/wp-json\/wp\/v2\/posts"}],"about":[{"href":"http:\/\/blogs.jesuitinaspamplona.org\/deportes\/wp-json\/wp\/v2\/types\/post"}],"author":[{"embeddable":true,"href":"http:\/\/blogs.jesuitinaspamplona.org\/deportes\/wp-json\/wp\/v2\/users\/3"}],"replies":[{"embeddable":true,"href":"http:\/\/blogs.jesuitinaspamplona.org\/deportes\/wp-json\/wp\/v2\/comments?post=1616"}],"version-history":[{"count":5,"href":"http:\/\/blogs.jesuitinaspamplona.org\/deportes\/wp-json\/wp\/v2\/posts\/1616\/revisions"}],"predecessor-version":[{"id":1636,"href":"http:\/\/blogs.jesuitinaspamplona.org\/deportes\/wp-json\/wp\/v2\/posts\/1616\/revisions\/1636"}],"wp:featuredmedia":[{"embeddable":true,"href":"http:\/\/blogs.jesuitinaspamplona.org\/deportes\/wp-json\/wp\/v2\/media\/1620"}],"wp:attachment":[{"href":"http:\/\/blogs.jesuitinaspamplona.org\/deportes\/wp-json\/wp\/v2\/media?parent=1616"}],"wp:term":[{"taxonomy":"category","embeddable":true,"href":"http:\/\/blogs.jesuitinaspamplona.org\/deportes\/wp-json\/wp\/v2\/categories?post=1616"},{"taxonomy":"post_tag","embeddable":true,"href":"http:\/\/blogs.jesuitinaspamplona.org\/deportes\/wp-json\/wp\/v2\/tags?post=1616"}],"curies":[{"name":"wp","href":"https:\/\/api.w.org\/{rel}","templated":true}]}}