{"id":1623,"date":"2020-12-14T22:04:00","date_gmt":"2020-12-14T21:04:00","guid":{"rendered":"http:\/\/blogs.jesuitinaspamplona.org\/deportes\/?p=1623"},"modified":"2020-12-16T00:33:26","modified_gmt":"2020-12-15T23:33:26","slug":"nerea-viana-1o-bach-participa-en-el-iii-congreso-deporte-y-mujer","status":"publish","type":"post","link":"http:\/\/blogs.jesuitinaspamplona.org\/deportes\/nerea-viana-1o-bach-participa-en-el-iii-congreso-deporte-y-mujer\/","title":{"rendered":"Nerea Viana, (1\u00ba Bach.), participa en el III Congreso Deporte y Mujer"},"content":{"rendered":"\n<p>El pasado 23 de noviembre se celebr\u00f3 en Pamplona el <strong><em><a href=\"https:\/\/www.deportenavarra.es\/es\/noticias-1\/disponible-el-video-del-iii-congreso-de-mujeres-y-deporte#tit\" target=\"_blank\" rel=\"noreferrer noopener\">III Congreso&nbsp; Deporte y Mujer<\/a><\/em><\/strong>, cuyo v\u00eddeo resumen podemos ver en el enlace previo. Teresa Motos, profesora de Educaci\u00f3n F\u00edsica del Colegio, particip\u00f3 en dicho Congreso, y as\u00ed nos informa sobre su realizaci\u00f3n, junto con la participaci\u00f3n de Nerea.  <\/p>\n\n\n\n<p>Desde COLEFNA, (Colegio de Licenciados en Educaci\u00f3n F\u00edsica de Navarra) nos pidieron contactar con alguna deportista que quisiera aportar su visi\u00f3n sobre la pr\u00e1ctica deportiva en j\u00f3venes adolescentes .<\/p>\n\n\n\n<p>Nuestra alumna de 1\u00ba bachillerato, Nerea Viana, aport\u00f3 su visi\u00f3n sobre&nbsp; la pr\u00e1ctica deportiva.<\/p>\n\n\n\n<p>Nerea practica lucha ol\u00edmpica desde hace a\u00f1os&nbsp; y nos pareci\u00f3 que podr\u00eda aportar una valiosa visi\u00f3n de su experiencia en un deporte minoritario.<\/p>\n\n\n\n<p>Les plantearon una serie de preguntas y&nbsp; es muy interesante escuchar las respuestas que dieron:<\/p>\n\n\n\n<p>-\u00bf<em>Por qu\u00e9 hac\u00e9is deporte?&nbsp;<\/em><\/p>\n\n\n\n<p>-\u00bf<em>Qui\u00e9n influy\u00f3 en la elecci\u00f3n de la espe<\/em>c<em>ialidad deportiva<\/em>?<\/p>\n\n\n\n<p>-\u00bf<em>Cre\u00e9is que est\u00e1 valorado que las chicas hagan deporte entre iguales ? \u00bfEs popular hacer deporte en chicas? \u00bfY en chicos<\/em>?<\/p>\n\n\n\n<p>Estas preguntas nos hacen reflexionar y trabajar alineados con dos de los<strong> <a href=\"https:\/\/www.un.org\/sustainabledevelopment\/es\/objetivos-de-desarrollo-sostenible\/\" target=\"_blank\" rel=\"noreferrer noopener\">Objetivos de Desarrollo Sostenible 2030<\/a><\/strong> :<\/p>\n\n\n\n<p>-ODS 5 sobre la igualdad de g\u00e9nero y empoderamiento de las mujeres.<\/p>\n\n\n\n<p>-ODS3&nbsp; sobre salud y Bienestar<\/p>\n\n\n\n<p>Os animamos a que reflexion\u00e9is sobre estas preguntas y estos objetivos, tanto vosotras como vosotros.<\/p>\n\n\n\n<div class=\"wp-block-group\"><div class=\"wp-block-group__inner-container\">\n<pre class=\"wp-block-preformatted\">Y aqu\u00ed os dejamos el<strong><a href=\"https:\/\/www.youtube.com\/embed\/WAUPMNu4F7M\" target=\"_blank\" rel=\"noreferrer noopener\"> v\u00eddeo de Nerea practicando su Deporte<\/a>.<\/strong>\n\n<a href=\"https:\/\/www.youtube.com\/embed\/WAUPMNu4F7M\"><img loading=\"lazy\" width=\"1066\" height=\"1066\" class=\"wp-image-1627\" style=\"width: 600px;\" src=\"http:\/\/blogs.jesuitinaspamplona.org\/deportes\/wp-content\/uploads\/sites\/9\/2020\/12\/Nerea-Viana-Lucha-Olimpica.jpg\" alt=\"\" srcset=\"http:\/\/blogs.jesuitinaspamplona.org\/deportes\/wp-content\/uploads\/sites\/9\/2020\/12\/Nerea-Viana-Lucha-Olimpica.jpg 1066w, http:\/\/blogs.jesuitinaspamplona.org\/deportes\/wp-content\/uploads\/sites\/9\/2020\/12\/Nerea-Viana-Lucha-Olimpica-300x300.jpg 300w, http:\/\/blogs.jesuitinaspamplona.org\/deportes\/wp-content\/uploads\/sites\/9\/2020\/12\/Nerea-Viana-Lucha-Olimpica-1024x1024.jpg 1024w, http:\/\/blogs.jesuitinaspamplona.org\/deportes\/wp-content\/uploads\/sites\/9\/2020\/12\/Nerea-Viana-Lucha-Olimpica-150x150.jpg 150w, http:\/\/blogs.jesuitinaspamplona.org\/deportes\/wp-content\/uploads\/sites\/9\/2020\/12\/Nerea-Viana-Lucha-Olimpica-768x768.jpg 768w\" sizes=\"(max-width: 1066px) 100vw, 1066px\" \/><\/a><\/pre>\n<\/div><\/div>\n\n\n\n<p><\/p>\n","protected":false},"excerpt":{"rendered":"<p>El pasado 23 de noviembre se celebr\u00f3 en Pamplona el III Congreso&nbsp; Deporte y Mujer, cuyo v\u00eddeo resumen podemos ver en el enlace previo. Teresa Motos, profesora de Educaci\u00f3n F\u00edsica del Colegio, particip\u00f3 en dicho Congreso, y as\u00ed nos informa sobre su realizaci\u00f3n, junto con la participaci\u00f3n de Nerea. Desde COLEFNA, (Colegio de Licenciados en &#8230; <a title=\"Nerea Viana, (1\u00ba Bach.), participa en el III Congreso Deporte y Mujer\" class=\"read-more\" href=\"http:\/\/blogs.jesuitinaspamplona.org\/deportes\/nerea-viana-1o-bach-participa-en-el-iii-congreso-deporte-y-mujer\/\" aria-label=\"M\u00e1s en Nerea Viana, (1\u00ba Bach.), participa en el III Congreso Deporte y Mujer\">Leer m\u00e1s<\/a><\/p>\n","protected":false},"author":3,"featured_media":1627,"comment_status":"open","ping_status":"open","sticky":false,"template":"","format":"standard","meta":{"_monsterinsights_skip_tracking":false,"_monsterinsights_sitenote_active":false,"_monsterinsights_sitenote_note":"","_monsterinsights_sitenote_category":0},"categories":[33,32],"tags":[36,35,34],"yoast_head":"<!-- This site is optimized with the Yoast SEO plugin v17.8 - https:\/\/yoast.com\/wordpress\/plugins\/seo\/ -->\n<title>Nerea Viana, (1\u00ba Bach.), participa en el III Congreso Deporte y Mujer - Deportes Jesuitinas Pamplona<\/title>\n<meta name=\"robots\" content=\"index, follow, max-snippet:-1, max-image-preview:large, max-video-preview:-1\" \/>\n<link rel=\"canonical\" href=\"http:\/\/blogs.jesuitinaspamplona.org\/deportes\/nerea-viana-1o-bach-participa-en-el-iii-congreso-deporte-y-mujer\/\" \/>\n<meta property=\"og:locale\" content=\"es_ES\" \/>\n<meta property=\"og:type\" content=\"article\" \/>\n<meta property=\"og:title\" content=\"Nerea Viana, (1\u00ba Bach.), participa en el III Congreso Deporte y Mujer - Deportes Jesuitinas Pamplona\" \/>\n<meta property=\"og:description\" content=\"El pasado 23 de noviembre se celebr\u00f3 en Pamplona el III Congreso&nbsp; Deporte y Mujer, cuyo v\u00eddeo resumen podemos ver en el enlace previo. Teresa Motos, profesora de Educaci\u00f3n F\u00edsica del Colegio, particip\u00f3 en dicho Congreso, y as\u00ed nos informa sobre su realizaci\u00f3n, junto con la participaci\u00f3n de Nerea. Desde COLEFNA, (Colegio de Licenciados en ... Leer m\u00e1s\" \/>\n<meta property=\"og:url\" content=\"http:\/\/blogs.jesuitinaspamplona.org\/deportes\/nerea-viana-1o-bach-participa-en-el-iii-congreso-deporte-y-mujer\/\" \/>\n<meta property=\"og:site_name\" content=\"Deportes Jesuitinas Pamplona\" \/>\n<meta property=\"article:published_time\" content=\"2020-12-14T21:04:00+00:00\" \/>\n<meta property=\"article:modified_time\" content=\"2020-12-15T23:33:26+00:00\" \/>\n<meta property=\"og:image\" content=\"http:\/\/blogs.jesuitinaspamplona.org\/deportes\/wp-content\/uploads\/sites\/9\/2020\/12\/Nerea-Viana-Lucha-Olimpica.jpg\" \/>\n\t<meta property=\"og:image:width\" content=\"1066\" \/>\n\t<meta property=\"og:image:height\" content=\"1066\" \/>\n<meta name=\"twitter:card\" content=\"summary\" \/>\n<meta name=\"twitter:label1\" content=\"Escrito por\" \/>\n\t<meta name=\"twitter:data1\" content=\"Profesores de Proyectos\" \/>\n\t<meta name=\"twitter:label2\" content=\"Tiempo de lectura\" \/>\n\t<meta name=\"twitter:data2\" content=\"1 minuto\" \/>\n<script type=\"application\/ld+json\" class=\"yoast-schema-graph\">{\"@context\":\"https:\/\/schema.org\",\"@graph\":[{\"@type\":\"WebSite\",\"@id\":\"http:\/\/blogs.jesuitinaspamplona.org\/deportes\/#website\",\"url\":\"http:\/\/blogs.jesuitinaspamplona.org\/deportes\/\",\"name\":\"Deportes Jesuitinas Pamplona\",\"description\":\"Blog Deportes\",\"potentialAction\":[{\"@type\":\"SearchAction\",\"target\":{\"@type\":\"EntryPoint\",\"urlTemplate\":\"http:\/\/blogs.jesuitinaspamplona.org\/deportes\/?s={search_term_string}\"},\"query-input\":\"required name=search_term_string\"}],\"inLanguage\":\"es\"},{\"@type\":\"ImageObject\",\"@id\":\"http:\/\/blogs.jesuitinaspamplona.org\/deportes\/nerea-viana-1o-bach-participa-en-el-iii-congreso-deporte-y-mujer\/#primaryimage\",\"inLanguage\":\"es\",\"url\":\"http:\/\/blogs.jesuitinaspamplona.org\/deportes\/wp-content\/uploads\/sites\/9\/2020\/12\/Nerea-Viana-Lucha-Olimpica.jpg\",\"contentUrl\":\"http:\/\/blogs.jesuitinaspamplona.org\/deportes\/wp-content\/uploads\/sites\/9\/2020\/12\/Nerea-Viana-Lucha-Olimpica.jpg\",\"width\":1066,\"height\":1066},{\"@type\":\"WebPage\",\"@id\":\"http:\/\/blogs.jesuitinaspamplona.org\/deportes\/nerea-viana-1o-bach-participa-en-el-iii-congreso-deporte-y-mujer\/#webpage\",\"url\":\"http:\/\/blogs.jesuitinaspamplona.org\/deportes\/nerea-viana-1o-bach-participa-en-el-iii-congreso-deporte-y-mujer\/\",\"name\":\"Nerea Viana, (1\\u00ba Bach.), participa en el III Congreso Deporte y Mujer - Deportes Jesuitinas Pamplona\",\"isPartOf\":{\"@id\":\"http:\/\/blogs.jesuitinaspamplona.org\/deportes\/#website\"},\"primaryImageOfPage\":{\"@id\":\"http:\/\/blogs.jesuitinaspamplona.org\/deportes\/nerea-viana-1o-bach-participa-en-el-iii-congreso-deporte-y-mujer\/#primaryimage\"},\"datePublished\":\"2020-12-14T21:04:00+00:00\",\"dateModified\":\"2020-12-15T23:33:26+00:00\",\"author\":{\"@id\":\"http:\/\/blogs.jesuitinaspamplona.org\/deportes\/#\/schema\/person\/be1e864c7bd42c1fbfee39c3915275c9\"},\"breadcrumb\":{\"@id\":\"http:\/\/blogs.jesuitinaspamplona.org\/deportes\/nerea-viana-1o-bach-participa-en-el-iii-congreso-deporte-y-mujer\/#breadcrumb\"},\"inLanguage\":\"es\",\"potentialAction\":[{\"@type\":\"ReadAction\",\"target\":[\"http:\/\/blogs.jesuitinaspamplona.org\/deportes\/nerea-viana-1o-bach-participa-en-el-iii-congreso-deporte-y-mujer\/\"]}]},{\"@type\":\"BreadcrumbList\",\"@id\":\"http:\/\/blogs.jesuitinaspamplona.org\/deportes\/nerea-viana-1o-bach-participa-en-el-iii-congreso-deporte-y-mujer\/#breadcrumb\",\"itemListElement\":[{\"@type\":\"ListItem\",\"position\":1,\"name\":\"Portada\",\"item\":\"http:\/\/blogs.jesuitinaspamplona.org\/deportes\/\"},{\"@type\":\"ListItem\",\"position\":2,\"name\":\"Nerea Viana, (1\\u00ba Bach.), participa en el III Congreso Deporte y Mujer\"}]},{\"@type\":\"Person\",\"@id\":\"http:\/\/blogs.jesuitinaspamplona.org\/deportes\/#\/schema\/person\/be1e864c7bd42c1fbfee39c3915275c9\",\"name\":\"Profesores de Proyectos\",\"image\":{\"@type\":\"ImageObject\",\"@id\":\"http:\/\/blogs.jesuitinaspamplona.org\/deportes\/#personlogo\",\"inLanguage\":\"es\",\"url\":\"http:\/\/2.gravatar.com\/avatar\/2cbeb015b40a15bc00e84232a1e89512?s=96&d=mm&r=g\",\"contentUrl\":\"http:\/\/2.gravatar.com\/avatar\/2cbeb015b40a15bc00e84232a1e89512?s=96&d=mm&r=g\",\"caption\":\"Profesores de Proyectos\"},\"url\":\"http:\/\/blogs.jesuitinaspamplona.org\/deportes\/author\/pablo\/\"}]}<\/script>\n<!-- \/ Yoast SEO plugin. -->","yoast_head_json":{"title":"Nerea Viana, (1\u00ba Bach.), participa en el III Congreso Deporte y Mujer - Deportes Jesuitinas Pamplona","robots":{"index":"index","follow":"follow","max-snippet":"max-snippet:-1","max-image-preview":"max-image-preview:large","max-video-preview":"max-video-preview:-1"},"canonical":"http:\/\/blogs.jesuitinaspamplona.org\/deportes\/nerea-viana-1o-bach-participa-en-el-iii-congreso-deporte-y-mujer\/","og_locale":"es_ES","og_type":"article","og_title":"Nerea Viana, (1\u00ba Bach.), participa en el III Congreso Deporte y Mujer - Deportes Jesuitinas Pamplona","og_description":"El pasado 23 de noviembre se celebr\u00f3 en Pamplona el III Congreso&nbsp; Deporte y Mujer, cuyo v\u00eddeo resumen podemos ver en el enlace previo. Teresa Motos, profesora de Educaci\u00f3n F\u00edsica del Colegio, particip\u00f3 en dicho Congreso, y as\u00ed nos informa sobre su realizaci\u00f3n, junto con la participaci\u00f3n de Nerea. Desde COLEFNA, (Colegio de Licenciados en ... Leer m\u00e1s","og_url":"http:\/\/blogs.jesuitinaspamplona.org\/deportes\/nerea-viana-1o-bach-participa-en-el-iii-congreso-deporte-y-mujer\/","og_site_name":"Deportes Jesuitinas Pamplona","article_published_time":"2020-12-14T21:04:00+00:00","article_modified_time":"2020-12-15T23:33:26+00:00","og_image":[{"width":1066,"height":1066,"url":"http:\/\/blogs.jesuitinaspamplona.org\/deportes\/wp-content\/uploads\/sites\/9\/2020\/12\/Nerea-Viana-Lucha-Olimpica.jpg","type":"image\/jpeg"}],"twitter_card":"summary","twitter_misc":{"Escrito por":"Profesores de Proyectos","Tiempo de lectura":"1 minuto"},"schema":{"@context":"https:\/\/schema.org","@graph":[{"@type":"WebSite","@id":"http:\/\/blogs.jesuitinaspamplona.org\/deportes\/#website","url":"http:\/\/blogs.jesuitinaspamplona.org\/deportes\/","name":"Deportes Jesuitinas Pamplona","description":"Blog Deportes","potentialAction":[{"@type":"SearchAction","target":{"@type":"EntryPoint","urlTemplate":"http:\/\/blogs.jesuitinaspamplona.org\/deportes\/?s={search_term_string}"},"query-input":"required name=search_term_string"}],"inLanguage":"es"},{"@type":"ImageObject","@id":"http:\/\/blogs.jesuitinaspamplona.org\/deportes\/nerea-viana-1o-bach-participa-en-el-iii-congreso-deporte-y-mujer\/#primaryimage","inLanguage":"es","url":"http:\/\/blogs.jesuitinaspamplona.org\/deportes\/wp-content\/uploads\/sites\/9\/2020\/12\/Nerea-Viana-Lucha-Olimpica.jpg","contentUrl":"http:\/\/blogs.jesuitinaspamplona.org\/deportes\/wp-content\/uploads\/sites\/9\/2020\/12\/Nerea-Viana-Lucha-Olimpica.jpg","width":1066,"height":1066},{"@type":"WebPage","@id":"http:\/\/blogs.jesuitinaspamplona.org\/deportes\/nerea-viana-1o-bach-participa-en-el-iii-congreso-deporte-y-mujer\/#webpage","url":"http:\/\/blogs.jesuitinaspamplona.org\/deportes\/nerea-viana-1o-bach-participa-en-el-iii-congreso-deporte-y-mujer\/","name":"Nerea Viana, (1\u00ba Bach.), participa en el III Congreso Deporte y Mujer - Deportes Jesuitinas Pamplona","isPartOf":{"@id":"http:\/\/blogs.jesuitinaspamplona.org\/deportes\/#website"},"primaryImageOfPage":{"@id":"http:\/\/blogs.jesuitinaspamplona.org\/deportes\/nerea-viana-1o-bach-participa-en-el-iii-congreso-deporte-y-mujer\/#primaryimage"},"datePublished":"2020-12-14T21:04:00+00:00","dateModified":"2020-12-15T23:33:26+00:00","author":{"@id":"http:\/\/blogs.jesuitinaspamplona.org\/deportes\/#\/schema\/person\/be1e864c7bd42c1fbfee39c3915275c9"},"breadcrumb":{"@id":"http:\/\/blogs.jesuitinaspamplona.org\/deportes\/nerea-viana-1o-bach-participa-en-el-iii-congreso-deporte-y-mujer\/#breadcrumb"},"inLanguage":"es","potentialAction":[{"@type":"ReadAction","target":["http:\/\/blogs.jesuitinaspamplona.org\/deportes\/nerea-viana-1o-bach-participa-en-el-iii-congreso-deporte-y-mujer\/"]}]},{"@type":"BreadcrumbList","@id":"http:\/\/blogs.jesuitinaspamplona.org\/deportes\/nerea-viana-1o-bach-participa-en-el-iii-congreso-deporte-y-mujer\/#breadcrumb","itemListElement":[{"@type":"ListItem","position":1,"name":"Portada","item":"http:\/\/blogs.jesuitinaspamplona.org\/deportes\/"},{"@type":"ListItem","position":2,"name":"Nerea Viana, (1\u00ba Bach.), participa en el III Congreso Deporte y Mujer"}]},{"@type":"Person","@id":"http:\/\/blogs.jesuitinaspamplona.org\/deportes\/#\/schema\/person\/be1e864c7bd42c1fbfee39c3915275c9","name":"Profesores de Proyectos","image":{"@type":"ImageObject","@id":"http:\/\/blogs.jesuitinaspamplona.org\/deportes\/#personlogo","inLanguage":"es","url":"http:\/\/2.gravatar.com\/avatar\/2cbeb015b40a15bc00e84232a1e89512?s=96&d=mm&r=g","contentUrl":"http:\/\/2.gravatar.com\/avatar\/2cbeb015b40a15bc00e84232a1e89512?s=96&d=mm&r=g","caption":"Profesores de Proyectos"},"url":"http:\/\/blogs.jesuitinaspamplona.org\/deportes\/author\/pablo\/"}]}},"_links":{"self":[{"href":"http:\/\/blogs.jesuitinaspamplona.org\/deportes\/wp-json\/wp\/v2\/posts\/1623"}],"collection":[{"href":"http:\/\/blogs.jesuitinaspamplona.org\/deportes\/wp-json\/wp\/v2\/posts"}],"about":[{"href":"http:\/\/blogs.jesuitinaspamplona.org\/deportes\/wp-json\/wp\/v2\/types\/post"}],"author":[{"embeddable":true,"href":"http:\/\/blogs.jesuitinaspamplona.org\/deportes\/wp-json\/wp\/v2\/users\/3"}],"replies":[{"embeddable":true,"href":"http:\/\/blogs.jesuitinaspamplona.org\/deportes\/wp-json\/wp\/v2\/comments?post=1623"}],"version-history":[{"count":11,"href":"http:\/\/blogs.jesuitinaspamplona.org\/deportes\/wp-json\/wp\/v2\/posts\/1623\/revisions"}],"predecessor-version":[{"id":1644,"href":"http:\/\/blogs.jesuitinaspamplona.org\/deportes\/wp-json\/wp\/v2\/posts\/1623\/revisions\/1644"}],"wp:featuredmedia":[{"embeddable":true,"href":"http:\/\/blogs.jesuitinaspamplona.org\/deportes\/wp-json\/wp\/v2\/media\/1627"}],"wp:attachment":[{"href":"http:\/\/blogs.jesuitinaspamplona.org\/deportes\/wp-json\/wp\/v2\/media?parent=1623"}],"wp:term":[{"taxonomy":"category","embeddable":true,"href":"http:\/\/blogs.jesuitinaspamplona.org\/deportes\/wp-json\/wp\/v2\/categories?post=1623"},{"taxonomy":"post_tag","embeddable":true,"href":"http:\/\/blogs.jesuitinaspamplona.org\/deportes\/wp-json\/wp\/v2\/tags?post=1623"}],"curies":[{"name":"wp","href":"https:\/\/api.w.org\/{rel}","templated":true}]}}