{"id":577,"date":"2018-03-09T10:02:58","date_gmt":"2018-03-09T09:02:58","guid":{"rendered":"http:\/\/blogs.jesuitinaspamplona.org\/medap1\/?p=577"},"modified":"2018-03-09T11:30:36","modified_gmt":"2018-03-09T10:30:36","slug":"mas-alla-las-fronteras-convivencia-proyecto-educativo-loyola","status":"publish","type":"post","link":"http:\/\/blogs.jesuitinaspamplona.org\/medap1\/mas-alla-las-fronteras-convivencia-proyecto-educativo-loyola\/","title":{"rendered":"\u00abM\u00e1s all\u00e1 de las fronteras\u00bb: Convivencia y proyecto educativo en Loyola"},"content":{"rendered":"<p>De la mano de la <a href=\"https:\/\/www.alboan.org\/es\" target=\"_blank\" rel=\"noopener\"><strong>ONG Alboan<\/strong><\/a>, los alumnos de 1\u00ba ESO hemos participado en una excelente <a href=\"http:\/\/www.educacion.alboan.org\/es\/materials\/359\" target=\"_blank\" rel=\"noopener\">propuesta pedag\u00f3gica sobre los refugiados y migrantes.<\/a> Para ello, hemos estado 3 d\u00edas de intensa convivencia en Loyola (Azpeitia, Guipuzcoa), junto a la Bas\u00edlica dedicada a<strong> San Ignacio de Loyola<\/strong>, fundador de los Jesuitas.<\/p>\n<p><img loading=\"lazy\" class=\"alignnone size-medium wp-image-595\" src=\"http:\/\/blogs.jesuitinaspamplona.org\/medap1\/wp-content\/uploads\/sites\/2\/2018\/03\/M\u00e1s-All\u00e1-de-las-Fronteras-Jesuitinas-Pamplona-CM_3050193_redimensionar-300x169.jpg\" alt=\"\" width=\"300\" height=\"169\" srcset=\"http:\/\/blogs.jesuitinaspamplona.org\/medap1\/wp-content\/uploads\/sites\/2\/2018\/03\/M\u00e1s-All\u00e1-de-las-Fronteras-Jesuitinas-Pamplona-CM_3050193_redimensionar-300x169.jpg 300w, http:\/\/blogs.jesuitinaspamplona.org\/medap1\/wp-content\/uploads\/sites\/2\/2018\/03\/M\u00e1s-All\u00e1-de-las-Fronteras-Jesuitinas-Pamplona-CM_3050193_redimensionar.jpg 600w\" sizes=\"(max-width: 300px) 100vw, 300px\" \/> <img loading=\"lazy\" class=\"alignnone size-medium wp-image-594\" src=\"http:\/\/blogs.jesuitinaspamplona.org\/medap1\/wp-content\/uploads\/sites\/2\/2018\/03\/Proyecto-Mas-Alla-de-las-Fronteras-Jesuitinas-Pamplona-marzo-2018_113969_redimensionar-300x225.jpg\" alt=\"\" width=\"300\" height=\"225\" srcset=\"http:\/\/blogs.jesuitinaspamplona.org\/medap1\/wp-content\/uploads\/sites\/2\/2018\/03\/Proyecto-Mas-Alla-de-las-Fronteras-Jesuitinas-Pamplona-marzo-2018_113969_redimensionar-300x225.jpg 300w, http:\/\/blogs.jesuitinaspamplona.org\/medap1\/wp-content\/uploads\/sites\/2\/2018\/03\/Proyecto-Mas-Alla-de-las-Fronteras-Jesuitinas-Pamplona-marzo-2018_113969_redimensionar.jpg 533w\" sizes=\"(max-width: 300px) 100vw, 300px\" \/>\u00a0<img loading=\"lazy\" class=\"alignnone size-medium wp-image-605\" src=\"http:\/\/blogs.jesuitinaspamplona.org\/medap1\/wp-content\/uploads\/sites\/2\/2018\/03\/M\u00e1s-All\u00e1-de-las-Fronteras-Jesuitinas-Pamplona-CM_3050195_redimensionar-300x169.jpg\" alt=\"\" width=\"300\" height=\"169\" srcset=\"http:\/\/blogs.jesuitinaspamplona.org\/medap1\/wp-content\/uploads\/sites\/2\/2018\/03\/M\u00e1s-All\u00e1-de-las-Fronteras-Jesuitinas-Pamplona-CM_3050195_redimensionar-300x169.jpg 300w, http:\/\/blogs.jesuitinaspamplona.org\/medap1\/wp-content\/uploads\/sites\/2\/2018\/03\/M\u00e1s-All\u00e1-de-las-Fronteras-Jesuitinas-Pamplona-CM_3050195_redimensionar.jpg 600w\" sizes=\"(max-width: 300px) 100vw, 300px\" \/><\/p>\n<p>Para nosotros, esta ha sido la \u00absegunda parte\u00bb tras el Proyecto de Solidaridad que hicimos en febrero. Entonces ya empezamos a hablar de aceptar la diversidad, conocer otras realidades y situaciones problem\u00e1ticas en el mundo, e iniciamos nuestro compromiso.<\/p>\n<p>Ahora hemos estado en Loyola:<strong> han sido unos d\u00edas maravillosos,<\/strong> en los que hemos trabajado todas estas <a href=\"https:\/\/www.alboan.org\/es\/que-hacemos\/proyectos\/personas-refugiadas\" target=\"_blank\" rel=\"noopener\">realidades de refugiados y migrantes<\/a>: las causas, los prejuicios, las miles de dificultades que tienen antes, durante y despu\u00e9s de su huida&#8230;<\/p>\n<p><img loading=\"lazy\" class=\"alignnone size-medium wp-image-588\" src=\"http:\/\/blogs.jesuitinaspamplona.org\/medap1\/wp-content\/uploads\/sites\/2\/2018\/03\/Proyecto-Mas-Alla-de-las-Fronteras-Jesuitinas-Pamplona-marzo-2018_113980_redimensionar-300x225.jpg\" alt=\"\" width=\"300\" height=\"225\" srcset=\"http:\/\/blogs.jesuitinaspamplona.org\/medap1\/wp-content\/uploads\/sites\/2\/2018\/03\/Proyecto-Mas-Alla-de-las-Fronteras-Jesuitinas-Pamplona-marzo-2018_113980_redimensionar-300x225.jpg 300w, http:\/\/blogs.jesuitinaspamplona.org\/medap1\/wp-content\/uploads\/sites\/2\/2018\/03\/Proyecto-Mas-Alla-de-las-Fronteras-Jesuitinas-Pamplona-marzo-2018_113980_redimensionar.jpg 533w\" sizes=\"(max-width: 300px) 100vw, 300px\" \/> <img loading=\"lazy\" class=\"alignnone size-medium wp-image-581\" src=\"http:\/\/blogs.jesuitinaspamplona.org\/medap1\/wp-content\/uploads\/sites\/2\/2018\/03\/M\u00e1s-All\u00e1-de-las-Fronteras-Jesuitinas-Pamplona-CM_3050188_redimensionar-300x169.jpg\" alt=\"\" width=\"300\" height=\"169\" srcset=\"http:\/\/blogs.jesuitinaspamplona.org\/medap1\/wp-content\/uploads\/sites\/2\/2018\/03\/M\u00e1s-All\u00e1-de-las-Fronteras-Jesuitinas-Pamplona-CM_3050188_redimensionar-300x169.jpg 300w, http:\/\/blogs.jesuitinaspamplona.org\/medap1\/wp-content\/uploads\/sites\/2\/2018\/03\/M\u00e1s-All\u00e1-de-las-Fronteras-Jesuitinas-Pamplona-CM_3050188_redimensionar.jpg 600w\" sizes=\"(max-width: 300px) 100vw, 300px\" \/>\u00a0<img loading=\"lazy\" class=\"alignnone size-medium wp-image-598\" src=\"http:\/\/blogs.jesuitinaspamplona.org\/medap1\/wp-content\/uploads\/sites\/2\/2018\/03\/Proyecto-Mas-Alla-de-las-Fronteras-Jesuitinas-Pamplona-marzo-2018_113964_redimensionar-300x225.jpg\" alt=\"\" width=\"300\" height=\"225\" srcset=\"http:\/\/blogs.jesuitinaspamplona.org\/medap1\/wp-content\/uploads\/sites\/2\/2018\/03\/Proyecto-Mas-Alla-de-las-Fronteras-Jesuitinas-Pamplona-marzo-2018_113964_redimensionar-300x225.jpg 300w, http:\/\/blogs.jesuitinaspamplona.org\/medap1\/wp-content\/uploads\/sites\/2\/2018\/03\/Proyecto-Mas-Alla-de-las-Fronteras-Jesuitinas-Pamplona-marzo-2018_113964_redimensionar.jpg 533w\" sizes=\"(max-width: 300px) 100vw, 300px\" \/><\/p>\n<p>Y lo hemos trabajado de forma activa, muy activa: <strong>por\u00a0 medio de din\u00e1micas, experiencias muy activas, gynkanas<\/strong>&#8230; en las que nos hemos puesto en la piel de refugiados y migrantes: <strong>hemos vivido en primera persona los peligros, miedos, dificultades e injusticias que sufren en su huida, <\/strong>en los controles fronterizos, vallas y muros, centros de internamiento, tr\u00e1mites legales&#8230; sufriendo tambi\u00e9n las<strong> dificultades de integraci\u00f3n hacia una vida digna.\u00a0<\/strong><\/p>\n<p><img loading=\"lazy\" class=\"alignnone size-medium wp-image-601\" src=\"http:\/\/blogs.jesuitinaspamplona.org\/medap1\/wp-content\/uploads\/sites\/2\/2018\/03\/Proyecto-Mas-Alla-de-las-Fronteras-Jesuitinas-Pamplona-marzo-2018_113972_redimensionar-300x225.jpg\" alt=\"\" width=\"300\" height=\"225\" srcset=\"http:\/\/blogs.jesuitinaspamplona.org\/medap1\/wp-content\/uploads\/sites\/2\/2018\/03\/Proyecto-Mas-Alla-de-las-Fronteras-Jesuitinas-Pamplona-marzo-2018_113972_redimensionar-300x225.jpg 300w, http:\/\/blogs.jesuitinaspamplona.org\/medap1\/wp-content\/uploads\/sites\/2\/2018\/03\/Proyecto-Mas-Alla-de-las-Fronteras-Jesuitinas-Pamplona-marzo-2018_113972_redimensionar.jpg 533w\" sizes=\"(max-width: 300px) 100vw, 300px\" \/> <img loading=\"lazy\" class=\"alignnone size-medium wp-image-585\" src=\"http:\/\/blogs.jesuitinaspamplona.org\/medap1\/wp-content\/uploads\/sites\/2\/2018\/03\/M\u00e1s-All\u00e1-de-las-Fronteras-Jesuitinas-Pamplona-CM_3050228_redimensionar-300x169.jpg\" alt=\"\" width=\"300\" height=\"169\" srcset=\"http:\/\/blogs.jesuitinaspamplona.org\/medap1\/wp-content\/uploads\/sites\/2\/2018\/03\/M\u00e1s-All\u00e1-de-las-Fronteras-Jesuitinas-Pamplona-CM_3050228_redimensionar-300x169.jpg 300w, http:\/\/blogs.jesuitinaspamplona.org\/medap1\/wp-content\/uploads\/sites\/2\/2018\/03\/M\u00e1s-All\u00e1-de-las-Fronteras-Jesuitinas-Pamplona-CM_3050228_redimensionar.jpg 600w\" sizes=\"(max-width: 300px) 100vw, 300px\" \/>\u00a0<img loading=\"lazy\" class=\"alignnone size-medium wp-image-587\" src=\"http:\/\/blogs.jesuitinaspamplona.org\/medap1\/wp-content\/uploads\/sites\/2\/2018\/03\/M\u00e1s-All\u00e1-de-las-Fronteras-Jesuitinas-Pamplona-CM_3050231_redimensionar-300x169.jpg\" alt=\"\" width=\"300\" height=\"169\" srcset=\"http:\/\/blogs.jesuitinaspamplona.org\/medap1\/wp-content\/uploads\/sites\/2\/2018\/03\/M\u00e1s-All\u00e1-de-las-Fronteras-Jesuitinas-Pamplona-CM_3050231_redimensionar-300x169.jpg 300w, http:\/\/blogs.jesuitinaspamplona.org\/medap1\/wp-content\/uploads\/sites\/2\/2018\/03\/M\u00e1s-All\u00e1-de-las-Fronteras-Jesuitinas-Pamplona-CM_3050231_redimensionar.jpg 600w\" sizes=\"(max-width: 300px) 100vw, 300px\" \/><\/p>\n<p><strong>Ismaila, un joven refugiado de Gambia<\/strong>, (acogido por el Servicio de Ayuda al Refugiado de los Jesuitas ) nos cont\u00f3 su experiencia personal como refugiado llegado a Espa\u00f1a: <strong>le deseamos lo mejor<\/strong> en su nueva vida en Donosti, ojal\u00e1 que todo le vaya bien y pueda tener una vida digna, cumpliendo su sue\u00f1o. Y miles m\u00e1s como \u00e9l!<\/p>\n<p><img loading=\"lazy\" class=\"alignnone size-medium wp-image-590\" src=\"http:\/\/blogs.jesuitinaspamplona.org\/medap1\/wp-content\/uploads\/sites\/2\/2018\/03\/Proyecto-Mas-Alla-de-las-Fronteras-Jesuitinas-Pamplona-marzo-2018_114025_redimensionar-300x225.jpg\" alt=\"\" width=\"300\" height=\"225\" srcset=\"http:\/\/blogs.jesuitinaspamplona.org\/medap1\/wp-content\/uploads\/sites\/2\/2018\/03\/Proyecto-Mas-Alla-de-las-Fronteras-Jesuitinas-Pamplona-marzo-2018_114025_redimensionar-300x225.jpg 300w, http:\/\/blogs.jesuitinaspamplona.org\/medap1\/wp-content\/uploads\/sites\/2\/2018\/03\/Proyecto-Mas-Alla-de-las-Fronteras-Jesuitinas-Pamplona-marzo-2018_114025_redimensionar.jpg 533w\" sizes=\"(max-width: 300px) 100vw, 300px\" \/>\u00a0<img loading=\"lazy\" class=\"alignnone size-medium wp-image-600\" src=\"http:\/\/blogs.jesuitinaspamplona.org\/medap1\/wp-content\/uploads\/sites\/2\/2018\/03\/Proyecto-Mas-Alla-de-las-Fronteras-Jesuitinas-Pamplona-marzo-2018_114022_redimensionar-300x225.jpg\" alt=\"\" width=\"300\" height=\"225\" srcset=\"http:\/\/blogs.jesuitinaspamplona.org\/medap1\/wp-content\/uploads\/sites\/2\/2018\/03\/Proyecto-Mas-Alla-de-las-Fronteras-Jesuitinas-Pamplona-marzo-2018_114022_redimensionar-300x225.jpg 300w, http:\/\/blogs.jesuitinaspamplona.org\/medap1\/wp-content\/uploads\/sites\/2\/2018\/03\/Proyecto-Mas-Alla-de-las-Fronteras-Jesuitinas-Pamplona-marzo-2018_114022_redimensionar.jpg 533w\" sizes=\"(max-width: 300px) 100vw, 300px\" \/>\u00a0<img loading=\"lazy\" class=\"alignnone size-medium wp-image-604\" src=\"http:\/\/blogs.jesuitinaspamplona.org\/medap1\/wp-content\/uploads\/sites\/2\/2018\/03\/Proyecto-Mas-Alla-de-las-Fronteras-Jesuitinas-Pamplona-marzo-2018_114016_redimensionar-1-300x225.jpg\" alt=\"\" width=\"300\" height=\"225\" srcset=\"http:\/\/blogs.jesuitinaspamplona.org\/medap1\/wp-content\/uploads\/sites\/2\/2018\/03\/Proyecto-Mas-Alla-de-las-Fronteras-Jesuitinas-Pamplona-marzo-2018_114016_redimensionar-1-300x225.jpg 300w, http:\/\/blogs.jesuitinaspamplona.org\/medap1\/wp-content\/uploads\/sites\/2\/2018\/03\/Proyecto-Mas-Alla-de-las-Fronteras-Jesuitinas-Pamplona-marzo-2018_114016_redimensionar-1.jpg 533w\" sizes=\"(max-width: 300px) 100vw, 300px\" \/><\/p>\n<p>Como hemos vivido estas situaciones a lo largo de esta experiencia, ahora entendemos y sentimos mucho mejor todos los problemas y dificultades que sufren los refugiados y migrantes en cualquier parte del mundo. <strong>Sin duda, ha merecido la pena.<\/strong><\/p>\n<p>Tambi\u00e9n hemos tenido tiempo para las reflexiones, din\u00e1micas, oraci\u00f3n y compromisos&#8230;. Y por supuesto, en un entorno precioso, hemos tenido tiempo para convivir y compartir, para jugar, para celebrar, incluso para dormir!!\u00a0En definitiva, tiempo para <strong>ensanchar nuestra mirada cr\u00edtica y potenciar nuestra conciencia solidaria.\u00a0<\/strong><\/p>\n<p><img loading=\"lazy\" class=\"alignnone size-medium wp-image-602\" src=\"http:\/\/blogs.jesuitinaspamplona.org\/medap1\/wp-content\/uploads\/sites\/2\/2018\/03\/Proyecto-Mas-Alla-de-las-Fronteras-Jesuitinas-Pamplona-marzo-2018_114020_redimensionar-300x225.jpg\" alt=\"\" width=\"300\" height=\"225\" srcset=\"http:\/\/blogs.jesuitinaspamplona.org\/medap1\/wp-content\/uploads\/sites\/2\/2018\/03\/Proyecto-Mas-Alla-de-las-Fronteras-Jesuitinas-Pamplona-marzo-2018_114020_redimensionar-300x225.jpg 300w, http:\/\/blogs.jesuitinaspamplona.org\/medap1\/wp-content\/uploads\/sites\/2\/2018\/03\/Proyecto-Mas-Alla-de-las-Fronteras-Jesuitinas-Pamplona-marzo-2018_114020_redimensionar.jpg 533w\" sizes=\"(max-width: 300px) 100vw, 300px\" \/> <img loading=\"lazy\" class=\"alignnone size-medium wp-image-596\" src=\"http:\/\/blogs.jesuitinaspamplona.org\/medap1\/wp-content\/uploads\/sites\/2\/2018\/03\/Proyecto-Mas-Alla-de-las-Fronteras-Jesuitinas-Pamplona-marzo-2018_113955_redimensionar-300x225.jpg\" alt=\"\" width=\"300\" height=\"225\" srcset=\"http:\/\/blogs.jesuitinaspamplona.org\/medap1\/wp-content\/uploads\/sites\/2\/2018\/03\/Proyecto-Mas-Alla-de-las-Fronteras-Jesuitinas-Pamplona-marzo-2018_113955_redimensionar-300x225.jpg 300w, http:\/\/blogs.jesuitinaspamplona.org\/medap1\/wp-content\/uploads\/sites\/2\/2018\/03\/Proyecto-Mas-Alla-de-las-Fronteras-Jesuitinas-Pamplona-marzo-2018_113955_redimensionar.jpg 533w\" sizes=\"(max-width: 300px) 100vw, 300px\" \/>\u00a0<img loading=\"lazy\" class=\"alignnone size-medium wp-image-592\" src=\"http:\/\/blogs.jesuitinaspamplona.org\/medap1\/wp-content\/uploads\/sites\/2\/2018\/03\/Proyecto-Mas-Alla-de-las-Fronteras-Jesuitinas-Pamplona-marzo-2018_113931_WA0031-300x169.jpg\" alt=\"\" width=\"300\" height=\"169\" srcset=\"http:\/\/blogs.jesuitinaspamplona.org\/medap1\/wp-content\/uploads\/sites\/2\/2018\/03\/Proyecto-Mas-Alla-de-las-Fronteras-Jesuitinas-Pamplona-marzo-2018_113931_WA0031-300x169.jpg 300w, http:\/\/blogs.jesuitinaspamplona.org\/medap1\/wp-content\/uploads\/sites\/2\/2018\/03\/Proyecto-Mas-Alla-de-las-Fronteras-Jesuitinas-Pamplona-marzo-2018_113931_WA0031-768x432.jpg 768w, http:\/\/blogs.jesuitinaspamplona.org\/medap1\/wp-content\/uploads\/sites\/2\/2018\/03\/Proyecto-Mas-Alla-de-las-Fronteras-Jesuitinas-Pamplona-marzo-2018_113931_WA0031-1024x576.jpg 1024w, http:\/\/blogs.jesuitinaspamplona.org\/medap1\/wp-content\/uploads\/sites\/2\/2018\/03\/Proyecto-Mas-Alla-de-las-Fronteras-Jesuitinas-Pamplona-marzo-2018_113931_WA0031.jpg 1600w\" sizes=\"(max-width: 300px) 100vw, 300px\" \/><\/p>\n<p>Por cierto, <strong>no os perd\u00e1is<\/strong> el v\u00eddeo <a href=\"https:\/\/www.youtube.com\/watch?v=zhkgJopKgLQ&amp;feature=youtu.be\" target=\"_blank\" rel=\"noopener\">en nuestro canal de Youtube: \u00ab<em><strong>Beyond the Borders&#8217; Party<\/strong><\/em>\u00ab<\/a>, .. . En definitiva, tiempo para ensanchar nuestra mirada y potenciar nuestra conciencia solidaria.<\/p>\n<p>Ahora vamos a concretar nuestro compromiso por medio de unos <strong>c\u00f3mics sobre los refugiados<\/strong>, y vamos a participar en varios <strong>actos institucionales<\/strong> , como la <strong>visita al Parlamento de Navarra<\/strong>, el pr\u00f3ximo martes 20, para hablar con los pol\u00edticos navarros.<\/p>\n<p>Y en la p<strong>r\u00f3xima entrada, dejaremos enlaces a v\u00eddeos<\/strong>, noticias y materiales para que podamos seguir leyendo, conociendo y participando.<\/p>\n<p>Este es el <strong>v\u00eddeo resumen<\/strong> de la convivencia en Loyola (Grupos CD):<\/p>\n<p><iframe loading=\"lazy\" width=\"1200\" height=\"675\" src=\"https:\/\/www.youtube.com\/embed\/x1R0dZ8o0so?feature=oembed\" frameborder=\"0\" allow=\"autoplay; encrypted-media\" allowfullscreen><\/iframe><\/p>\n","protected":false},"excerpt":{"rendered":"<p>De la mano de la ONG Alboan, los alumnos de 1\u00ba ESO hemos participado en una excelente propuesta pedag\u00f3gica sobre los refugiados y migrantes. Para ello, hemos estado 3 d\u00edas de intensa convivencia en Loyola (Azpeitia, Guipuzcoa), junto a la Bas\u00edlica dedicada a San Ignacio de Loyola, fundador de los Jesuitas. \u00a0 Para nosotros, esta &#8230; <a title=\"\u00abM\u00e1s all\u00e1 de las fronteras\u00bb: Convivencia y proyecto educativo en Loyola\" class=\"read-more\" href=\"http:\/\/blogs.jesuitinaspamplona.org\/medap1\/mas-alla-las-fronteras-convivencia-proyecto-educativo-loyola\/\" aria-label=\"M\u00e1s en \u00abM\u00e1s all\u00e1 de las fronteras\u00bb: Convivencia y proyecto educativo en Loyola\">Leer m\u00e1s<\/a><\/p>\n","protected":false},"author":3,"featured_media":590,"comment_status":"open","ping_status":"open","sticky":false,"template":"","format":"standard","meta":{"_monsterinsights_skip_tracking":false,"_monsterinsights_sitenote_active":false,"_monsterinsights_sitenote_note":"","_monsterinsights_sitenote_category":0},"categories":[95,25],"tags":[105,107,106,108],"yoast_head":"<!-- This site is optimized with the Yoast SEO plugin v17.8 - https:\/\/yoast.com\/wordpress\/plugins\/seo\/ -->\n<title>&quot;M\u00e1s all\u00e1 de las fronteras&quot;: Convivencia y proyecto educativo en Loyola - MEDAP 1<\/title>\n<meta name=\"robots\" content=\"index, follow, max-snippet:-1, max-image-preview:large, max-video-preview:-1\" \/>\n<link rel=\"canonical\" href=\"http:\/\/blogs.jesuitinaspamplona.org\/medap1\/mas-alla-las-fronteras-convivencia-proyecto-educativo-loyola\/\" \/>\n<meta property=\"og:locale\" content=\"es_ES\" \/>\n<meta property=\"og:type\" content=\"article\" \/>\n<meta property=\"og:title\" content=\"&quot;M\u00e1s all\u00e1 de las fronteras&quot;: Convivencia y proyecto educativo en Loyola - MEDAP 1\" \/>\n<meta property=\"og:description\" content=\"De la mano de la ONG Alboan, los alumnos de 1\u00ba ESO hemos participado en una excelente propuesta pedag\u00f3gica sobre los refugiados y migrantes. Para ello, hemos estado 3 d\u00edas de intensa convivencia en Loyola (Azpeitia, Guipuzcoa), junto a la Bas\u00edlica dedicada a San Ignacio de Loyola, fundador de los Jesuitas. \u00a0 Para nosotros, esta ... Leer m\u00e1s\" \/>\n<meta property=\"og:url\" content=\"http:\/\/blogs.jesuitinaspamplona.org\/medap1\/mas-alla-las-fronteras-convivencia-proyecto-educativo-loyola\/\" \/>\n<meta property=\"og:site_name\" content=\"MEDAP 1\" \/>\n<meta property=\"article:published_time\" content=\"2018-03-09T09:02:58+00:00\" \/>\n<meta property=\"article:modified_time\" content=\"2018-03-09T10:30:36+00:00\" \/>\n<meta property=\"og:image\" content=\"http:\/\/blogs.jesuitinaspamplona.org\/medap1\/wp-content\/uploads\/sites\/2\/2018\/03\/Proyecto-Mas-Alla-de-las-Fronteras-Jesuitinas-Pamplona-marzo-2018_114025_redimensionar.jpg\" \/>\n\t<meta property=\"og:image:width\" content=\"533\" \/>\n\t<meta property=\"og:image:height\" content=\"400\" \/>\n<meta name=\"twitter:card\" content=\"summary\" \/>\n<meta name=\"twitter:label1\" content=\"Escrito por\" \/>\n\t<meta name=\"twitter:data1\" content=\"Profesores de Proyectos\" \/>\n\t<meta name=\"twitter:label2\" content=\"Tiempo de lectura\" \/>\n\t<meta name=\"twitter:data2\" content=\"2 minutos\" \/>\n<script type=\"application\/ld+json\" class=\"yoast-schema-graph\">{\"@context\":\"https:\/\/schema.org\",\"@graph\":[{\"@type\":\"WebSite\",\"@id\":\"http:\/\/blogs.jesuitinaspamplona.org\/medap1\/#website\",\"url\":\"http:\/\/blogs.jesuitinaspamplona.org\/medap1\/\",\"name\":\"MEDAP 1\",\"description\":\"Blog MEDAP 1 ESO\",\"potentialAction\":[{\"@type\":\"SearchAction\",\"target\":{\"@type\":\"EntryPoint\",\"urlTemplate\":\"http:\/\/blogs.jesuitinaspamplona.org\/medap1\/?s={search_term_string}\"},\"query-input\":\"required name=search_term_string\"}],\"inLanguage\":\"es\"},{\"@type\":\"ImageObject\",\"@id\":\"http:\/\/blogs.jesuitinaspamplona.org\/medap1\/mas-alla-las-fronteras-convivencia-proyecto-educativo-loyola\/#primaryimage\",\"inLanguage\":\"es\",\"url\":\"http:\/\/blogs.jesuitinaspamplona.org\/medap1\/wp-content\/uploads\/sites\/2\/2018\/03\/Proyecto-Mas-Alla-de-las-Fronteras-Jesuitinas-Pamplona-marzo-2018_114025_redimensionar.jpg\",\"contentUrl\":\"http:\/\/blogs.jesuitinaspamplona.org\/medap1\/wp-content\/uploads\/sites\/2\/2018\/03\/Proyecto-Mas-Alla-de-las-Fronteras-Jesuitinas-Pamplona-marzo-2018_114025_redimensionar.jpg\",\"width\":533,\"height\":400},{\"@type\":\"WebPage\",\"@id\":\"http:\/\/blogs.jesuitinaspamplona.org\/medap1\/mas-alla-las-fronteras-convivencia-proyecto-educativo-loyola\/#webpage\",\"url\":\"http:\/\/blogs.jesuitinaspamplona.org\/medap1\/mas-alla-las-fronteras-convivencia-proyecto-educativo-loyola\/\",\"name\":\"\\\"M\\u00e1s all\\u00e1 de las fronteras\\\": Convivencia y proyecto educativo en Loyola - MEDAP 1\",\"isPartOf\":{\"@id\":\"http:\/\/blogs.jesuitinaspamplona.org\/medap1\/#website\"},\"primaryImageOfPage\":{\"@id\":\"http:\/\/blogs.jesuitinaspamplona.org\/medap1\/mas-alla-las-fronteras-convivencia-proyecto-educativo-loyola\/#primaryimage\"},\"datePublished\":\"2018-03-09T09:02:58+00:00\",\"dateModified\":\"2018-03-09T10:30:36+00:00\",\"author\":{\"@id\":\"http:\/\/blogs.jesuitinaspamplona.org\/medap1\/#\/schema\/person\/be1e864c7bd42c1fbfee39c3915275c9\"},\"breadcrumb\":{\"@id\":\"http:\/\/blogs.jesuitinaspamplona.org\/medap1\/mas-alla-las-fronteras-convivencia-proyecto-educativo-loyola\/#breadcrumb\"},\"inLanguage\":\"es\",\"potentialAction\":[{\"@type\":\"ReadAction\",\"target\":[\"http:\/\/blogs.jesuitinaspamplona.org\/medap1\/mas-alla-las-fronteras-convivencia-proyecto-educativo-loyola\/\"]}]},{\"@type\":\"BreadcrumbList\",\"@id\":\"http:\/\/blogs.jesuitinaspamplona.org\/medap1\/mas-alla-las-fronteras-convivencia-proyecto-educativo-loyola\/#breadcrumb\",\"itemListElement\":[{\"@type\":\"ListItem\",\"position\":1,\"name\":\"Portada\",\"item\":\"http:\/\/blogs.jesuitinaspamplona.org\/medap1\/\"},{\"@type\":\"ListItem\",\"position\":2,\"name\":\"\\u00abM\\u00e1s all\\u00e1 de las fronteras\\u00bb: Convivencia y proyecto educativo en Loyola\"}]},{\"@type\":\"Person\",\"@id\":\"http:\/\/blogs.jesuitinaspamplona.org\/medap1\/#\/schema\/person\/be1e864c7bd42c1fbfee39c3915275c9\",\"name\":\"Profesores de Proyectos\",\"image\":{\"@type\":\"ImageObject\",\"@id\":\"http:\/\/blogs.jesuitinaspamplona.org\/medap1\/#personlogo\",\"inLanguage\":\"es\",\"url\":\"http:\/\/2.gravatar.com\/avatar\/2cbeb015b40a15bc00e84232a1e89512?s=96&d=mm&r=g\",\"contentUrl\":\"http:\/\/2.gravatar.com\/avatar\/2cbeb015b40a15bc00e84232a1e89512?s=96&d=mm&r=g\",\"caption\":\"Profesores de Proyectos\"},\"url\":\"http:\/\/blogs.jesuitinaspamplona.org\/medap1\/author\/pablo\/\"}]}<\/script>\n<!-- \/ Yoast SEO plugin. -->","yoast_head_json":{"title":"\"M\u00e1s all\u00e1 de las fronteras\": Convivencia y proyecto educativo en Loyola - MEDAP 1","robots":{"index":"index","follow":"follow","max-snippet":"max-snippet:-1","max-image-preview":"max-image-preview:large","max-video-preview":"max-video-preview:-1"},"canonical":"http:\/\/blogs.jesuitinaspamplona.org\/medap1\/mas-alla-las-fronteras-convivencia-proyecto-educativo-loyola\/","og_locale":"es_ES","og_type":"article","og_title":"\"M\u00e1s all\u00e1 de las fronteras\": Convivencia y proyecto educativo en Loyola - MEDAP 1","og_description":"De la mano de la ONG Alboan, los alumnos de 1\u00ba ESO hemos participado en una excelente propuesta pedag\u00f3gica sobre los refugiados y migrantes. Para ello, hemos estado 3 d\u00edas de intensa convivencia en Loyola (Azpeitia, Guipuzcoa), junto a la Bas\u00edlica dedicada a San Ignacio de Loyola, fundador de los Jesuitas. \u00a0 Para nosotros, esta ... Leer m\u00e1s","og_url":"http:\/\/blogs.jesuitinaspamplona.org\/medap1\/mas-alla-las-fronteras-convivencia-proyecto-educativo-loyola\/","og_site_name":"MEDAP 1","article_published_time":"2018-03-09T09:02:58+00:00","article_modified_time":"2018-03-09T10:30:36+00:00","og_image":[{"width":533,"height":400,"url":"http:\/\/blogs.jesuitinaspamplona.org\/medap1\/wp-content\/uploads\/sites\/2\/2018\/03\/Proyecto-Mas-Alla-de-las-Fronteras-Jesuitinas-Pamplona-marzo-2018_114025_redimensionar.jpg","type":"image\/jpeg"}],"twitter_card":"summary","twitter_misc":{"Escrito por":"Profesores de Proyectos","Tiempo de lectura":"2 minutos"},"schema":{"@context":"https:\/\/schema.org","@graph":[{"@type":"WebSite","@id":"http:\/\/blogs.jesuitinaspamplona.org\/medap1\/#website","url":"http:\/\/blogs.jesuitinaspamplona.org\/medap1\/","name":"MEDAP 1","description":"Blog MEDAP 1 ESO","potentialAction":[{"@type":"SearchAction","target":{"@type":"EntryPoint","urlTemplate":"http:\/\/blogs.jesuitinaspamplona.org\/medap1\/?s={search_term_string}"},"query-input":"required name=search_term_string"}],"inLanguage":"es"},{"@type":"ImageObject","@id":"http:\/\/blogs.jesuitinaspamplona.org\/medap1\/mas-alla-las-fronteras-convivencia-proyecto-educativo-loyola\/#primaryimage","inLanguage":"es","url":"http:\/\/blogs.jesuitinaspamplona.org\/medap1\/wp-content\/uploads\/sites\/2\/2018\/03\/Proyecto-Mas-Alla-de-las-Fronteras-Jesuitinas-Pamplona-marzo-2018_114025_redimensionar.jpg","contentUrl":"http:\/\/blogs.jesuitinaspamplona.org\/medap1\/wp-content\/uploads\/sites\/2\/2018\/03\/Proyecto-Mas-Alla-de-las-Fronteras-Jesuitinas-Pamplona-marzo-2018_114025_redimensionar.jpg","width":533,"height":400},{"@type":"WebPage","@id":"http:\/\/blogs.jesuitinaspamplona.org\/medap1\/mas-alla-las-fronteras-convivencia-proyecto-educativo-loyola\/#webpage","url":"http:\/\/blogs.jesuitinaspamplona.org\/medap1\/mas-alla-las-fronteras-convivencia-proyecto-educativo-loyola\/","name":"\"M\u00e1s all\u00e1 de las fronteras\": Convivencia y proyecto educativo en Loyola - MEDAP 1","isPartOf":{"@id":"http:\/\/blogs.jesuitinaspamplona.org\/medap1\/#website"},"primaryImageOfPage":{"@id":"http:\/\/blogs.jesuitinaspamplona.org\/medap1\/mas-alla-las-fronteras-convivencia-proyecto-educativo-loyola\/#primaryimage"},"datePublished":"2018-03-09T09:02:58+00:00","dateModified":"2018-03-09T10:30:36+00:00","author":{"@id":"http:\/\/blogs.jesuitinaspamplona.org\/medap1\/#\/schema\/person\/be1e864c7bd42c1fbfee39c3915275c9"},"breadcrumb":{"@id":"http:\/\/blogs.jesuitinaspamplona.org\/medap1\/mas-alla-las-fronteras-convivencia-proyecto-educativo-loyola\/#breadcrumb"},"inLanguage":"es","potentialAction":[{"@type":"ReadAction","target":["http:\/\/blogs.jesuitinaspamplona.org\/medap1\/mas-alla-las-fronteras-convivencia-proyecto-educativo-loyola\/"]}]},{"@type":"BreadcrumbList","@id":"http:\/\/blogs.jesuitinaspamplona.org\/medap1\/mas-alla-las-fronteras-convivencia-proyecto-educativo-loyola\/#breadcrumb","itemListElement":[{"@type":"ListItem","position":1,"name":"Portada","item":"http:\/\/blogs.jesuitinaspamplona.org\/medap1\/"},{"@type":"ListItem","position":2,"name":"\u00abM\u00e1s all\u00e1 de las fronteras\u00bb: Convivencia y proyecto educativo en Loyola"}]},{"@type":"Person","@id":"http:\/\/blogs.jesuitinaspamplona.org\/medap1\/#\/schema\/person\/be1e864c7bd42c1fbfee39c3915275c9","name":"Profesores de Proyectos","image":{"@type":"ImageObject","@id":"http:\/\/blogs.jesuitinaspamplona.org\/medap1\/#personlogo","inLanguage":"es","url":"http:\/\/2.gravatar.com\/avatar\/2cbeb015b40a15bc00e84232a1e89512?s=96&d=mm&r=g","contentUrl":"http:\/\/2.gravatar.com\/avatar\/2cbeb015b40a15bc00e84232a1e89512?s=96&d=mm&r=g","caption":"Profesores de Proyectos"},"url":"http:\/\/blogs.jesuitinaspamplona.org\/medap1\/author\/pablo\/"}]}},"_links":{"self":[{"href":"http:\/\/blogs.jesuitinaspamplona.org\/medap1\/wp-json\/wp\/v2\/posts\/577"}],"collection":[{"href":"http:\/\/blogs.jesuitinaspamplona.org\/medap1\/wp-json\/wp\/v2\/posts"}],"about":[{"href":"http:\/\/blogs.jesuitinaspamplona.org\/medap1\/wp-json\/wp\/v2\/types\/post"}],"author":[{"embeddable":true,"href":"http:\/\/blogs.jesuitinaspamplona.org\/medap1\/wp-json\/wp\/v2\/users\/3"}],"replies":[{"embeddable":true,"href":"http:\/\/blogs.jesuitinaspamplona.org\/medap1\/wp-json\/wp\/v2\/comments?post=577"}],"version-history":[{"count":6,"href":"http:\/\/blogs.jesuitinaspamplona.org\/medap1\/wp-json\/wp\/v2\/posts\/577\/revisions"}],"predecessor-version":[{"id":609,"href":"http:\/\/blogs.jesuitinaspamplona.org\/medap1\/wp-json\/wp\/v2\/posts\/577\/revisions\/609"}],"wp:featuredmedia":[{"embeddable":true,"href":"http:\/\/blogs.jesuitinaspamplona.org\/medap1\/wp-json\/wp\/v2\/media\/590"}],"wp:attachment":[{"href":"http:\/\/blogs.jesuitinaspamplona.org\/medap1\/wp-json\/wp\/v2\/media?parent=577"}],"wp:term":[{"taxonomy":"category","embeddable":true,"href":"http:\/\/blogs.jesuitinaspamplona.org\/medap1\/wp-json\/wp\/v2\/categories?post=577"},{"taxonomy":"post_tag","embeddable":true,"href":"http:\/\/blogs.jesuitinaspamplona.org\/medap1\/wp-json\/wp\/v2\/tags?post=577"}],"curies":[{"name":"wp","href":"https:\/\/api.w.org\/{rel}","templated":true}]}}