{"id":807,"date":"2018-06-12T09:57:24","date_gmt":"2018-06-12T07:57:24","guid":{"rendered":"http:\/\/blogs.jesuitinaspamplona.org\/medap1\/?p=807"},"modified":"2018-07-03T10:04:14","modified_gmt":"2018-07-03T08:04:14","slug":"batan-villava-sede-la-presentacion-del-proyecto-ecoplan-ante-los-responsables-mancoeduca","status":"publish","type":"post","link":"http:\/\/blogs.jesuitinaspamplona.org\/medap1\/batan-villava-sede-la-presentacion-del-proyecto-ecoplan-ante-los-responsables-mancoeduca\/","title":{"rendered":"El Bat\u00e1n de Villava, sede de la presentaci\u00f3n del Proyecto ECOPLAN ante los responsables de Mancoeduca."},"content":{"rendered":"<p>Ayer, en el Bat\u00e1n de Villava tuvo lugar el encuentro intercolegial en el que alumnos representantes de cada centro presentaron y <strong>expusieron todo lo trabajado en el Programa ECOPLAN,<\/strong> promovido por la Mancomunidad de la Comarca de Pamplona a trav\u00e9s del programa <a href=\"https:\/\/mancoeduca.org\/\" target=\"_blank\" rel=\"noopener\"><strong>MANCOEDUCA.<\/strong><\/a><\/p>\n<p><strong>Un grupo de representantes de 1\u00ba ESO<\/strong> intervino en un acto organizado por la Mancomunidad , en la que cada Colegio expuso el trbajo realizado. Por Jesuitinas, acudieron Scarlett Armijos, Ainara Macuso, Naiara Rubio,\u00a0 Leire Echalecu, Javier Ramos, Ilenia Erneta, Ainhoa Legasa, Unai Zurbano, Nahia Go\u00f1i,\u00a0 y Leire Ortiz , liderados por Mar\u00eda Navascu\u00e9s, alma mater de ECOPLAN en Jesuitinas durante este curso. \u00a1\u00a1<strong>Enhorabuena a este gran equipo y a todos los alumnos, que hab\u00e9is trabajado muy bien!!<\/strong><\/p>\n<p style=\"text-align: center;\"><img loading=\"lazy\" class=\"alignnone size-medium wp-image-844\" src=\"http:\/\/blogs.jesuitinaspamplona.org\/medap1\/wp-content\/uploads\/sites\/2\/2018\/06\/Presentaci\u00f3n-Ecoplan-1\u00ba-ESO-Jesuitinas-Junio-2018IMG-20180611-WA0013-300x169.jpg\" alt=\"\" width=\"300\" height=\"169\" srcset=\"http:\/\/blogs.jesuitinaspamplona.org\/medap1\/wp-content\/uploads\/sites\/2\/2018\/06\/Presentaci\u00f3n-Ecoplan-1\u00ba-ESO-Jesuitinas-Junio-2018IMG-20180611-WA0013-300x169.jpg 300w, http:\/\/blogs.jesuitinaspamplona.org\/medap1\/wp-content\/uploads\/sites\/2\/2018\/06\/Presentaci\u00f3n-Ecoplan-1\u00ba-ESO-Jesuitinas-Junio-2018IMG-20180611-WA0013-768x432.jpg 768w, http:\/\/blogs.jesuitinaspamplona.org\/medap1\/wp-content\/uploads\/sites\/2\/2018\/06\/Presentaci\u00f3n-Ecoplan-1\u00ba-ESO-Jesuitinas-Junio-2018IMG-20180611-WA0013-1024x576.jpg 1024w, http:\/\/blogs.jesuitinaspamplona.org\/medap1\/wp-content\/uploads\/sites\/2\/2018\/06\/Presentaci\u00f3n-Ecoplan-1\u00ba-ESO-Jesuitinas-Junio-2018IMG-20180611-WA0013.jpg 1600w\" sizes=\"(max-width: 300px) 100vw, 300px\" \/><\/p>\n<p>Nuestros representantes hicieron <strong>una exposici\u00f3n de gran calidad<\/strong>, explicando muy bien todo lo realizado.<\/p>\n<p>Y tras las exposiciones de otros centros, el acto termin\u00f3 con un aperitivo y un agradable paseo en barca por el Arga. As\u00ed lo vemos <strong>en esta galer\u00eda:\u00a0<\/strong><\/p>\n<div id='gallery-1' class='gallery galleryid-807 gallery-columns-2 gallery-size-large'><figure class='gallery-item'>\n\t\t\t<div class='gallery-icon landscape'>\n\t\t\t\t<a href='http:\/\/blogs.jesuitinaspamplona.org\/medap1\/wp-content\/uploads\/sites\/2\/2018\/06\/Presentaci\u00f3n-Ecoplan-1\u00ba-ESO-Jesuitinas-Junio-2018IMG-20180611-WA0020_redimensionar.jpg'><img width=\"600\" height=\"337\" src=\"http:\/\/blogs.jesuitinaspamplona.org\/medap1\/wp-content\/uploads\/sites\/2\/2018\/06\/Presentaci\u00f3n-Ecoplan-1\u00ba-ESO-Jesuitinas-Junio-2018IMG-20180611-WA0020_redimensionar.jpg\" class=\"attachment-large size-large\" alt=\"\" loading=\"lazy\" srcset=\"http:\/\/blogs.jesuitinaspamplona.org\/medap1\/wp-content\/uploads\/sites\/2\/2018\/06\/Presentaci\u00f3n-Ecoplan-1\u00ba-ESO-Jesuitinas-Junio-2018IMG-20180611-WA0020_redimensionar.jpg 600w, http:\/\/blogs.jesuitinaspamplona.org\/medap1\/wp-content\/uploads\/sites\/2\/2018\/06\/Presentaci\u00f3n-Ecoplan-1\u00ba-ESO-Jesuitinas-Junio-2018IMG-20180611-WA0020_redimensionar-300x169.jpg 300w\" sizes=\"(max-width: 600px) 100vw, 600px\" \/><\/a>\n\t\t\t<\/div><\/figure><figure class='gallery-item'>\n\t\t\t<div class='gallery-icon landscape'>\n\t\t\t\t<a href='http:\/\/blogs.jesuitinaspamplona.org\/medap1\/wp-content\/uploads\/sites\/2\/2018\/06\/Presentaci\u00f3n-Ecoplan-1\u00ba-ESO-Jesuitinas-Junio-2018IMG-20180611-WA0014_redimensionar.jpg'><img width=\"600\" height=\"337\" src=\"http:\/\/blogs.jesuitinaspamplona.org\/medap1\/wp-content\/uploads\/sites\/2\/2018\/06\/Presentaci\u00f3n-Ecoplan-1\u00ba-ESO-Jesuitinas-Junio-2018IMG-20180611-WA0014_redimensionar.jpg\" class=\"attachment-large size-large\" alt=\"\" loading=\"lazy\" srcset=\"http:\/\/blogs.jesuitinaspamplona.org\/medap1\/wp-content\/uploads\/sites\/2\/2018\/06\/Presentaci\u00f3n-Ecoplan-1\u00ba-ESO-Jesuitinas-Junio-2018IMG-20180611-WA0014_redimensionar.jpg 600w, http:\/\/blogs.jesuitinaspamplona.org\/medap1\/wp-content\/uploads\/sites\/2\/2018\/06\/Presentaci\u00f3n-Ecoplan-1\u00ba-ESO-Jesuitinas-Junio-2018IMG-20180611-WA0014_redimensionar-300x169.jpg 300w\" sizes=\"(max-width: 600px) 100vw, 600px\" \/><\/a>\n\t\t\t<\/div><\/figure><figure class='gallery-item'>\n\t\t\t<div class='gallery-icon landscape'>\n\t\t\t\t<a href='http:\/\/blogs.jesuitinaspamplona.org\/medap1\/wp-content\/uploads\/sites\/2\/2018\/06\/Presentaci\u00f3n-Ecoplan-1\u00ba-ESO-Jesuitinas-Junio-2018IMG-20180611-WA0019_redimensionar.jpg'><img width=\"600\" height=\"337\" src=\"http:\/\/blogs.jesuitinaspamplona.org\/medap1\/wp-content\/uploads\/sites\/2\/2018\/06\/Presentaci\u00f3n-Ecoplan-1\u00ba-ESO-Jesuitinas-Junio-2018IMG-20180611-WA0019_redimensionar.jpg\" class=\"attachment-large size-large\" alt=\"\" loading=\"lazy\" srcset=\"http:\/\/blogs.jesuitinaspamplona.org\/medap1\/wp-content\/uploads\/sites\/2\/2018\/06\/Presentaci\u00f3n-Ecoplan-1\u00ba-ESO-Jesuitinas-Junio-2018IMG-20180611-WA0019_redimensionar.jpg 600w, http:\/\/blogs.jesuitinaspamplona.org\/medap1\/wp-content\/uploads\/sites\/2\/2018\/06\/Presentaci\u00f3n-Ecoplan-1\u00ba-ESO-Jesuitinas-Junio-2018IMG-20180611-WA0019_redimensionar-300x169.jpg 300w\" sizes=\"(max-width: 600px) 100vw, 600px\" \/><\/a>\n\t\t\t<\/div><\/figure><figure class='gallery-item'>\n\t\t\t<div class='gallery-icon landscape'>\n\t\t\t\t<a href='http:\/\/blogs.jesuitinaspamplona.org\/medap1\/wp-content\/uploads\/sites\/2\/2018\/06\/Presentaci\u00f3n-Ecoplan-1\u00ba-ESO-Jesuitinas-Junio-2018IMG-20180611-WA0016_redimensionar.jpg'><img width=\"600\" height=\"337\" src=\"http:\/\/blogs.jesuitinaspamplona.org\/medap1\/wp-content\/uploads\/sites\/2\/2018\/06\/Presentaci\u00f3n-Ecoplan-1\u00ba-ESO-Jesuitinas-Junio-2018IMG-20180611-WA0016_redimensionar.jpg\" class=\"attachment-large size-large\" alt=\"\" loading=\"lazy\" srcset=\"http:\/\/blogs.jesuitinaspamplona.org\/medap1\/wp-content\/uploads\/sites\/2\/2018\/06\/Presentaci\u00f3n-Ecoplan-1\u00ba-ESO-Jesuitinas-Junio-2018IMG-20180611-WA0016_redimensionar.jpg 600w, http:\/\/blogs.jesuitinaspamplona.org\/medap1\/wp-content\/uploads\/sites\/2\/2018\/06\/Presentaci\u00f3n-Ecoplan-1\u00ba-ESO-Jesuitinas-Junio-2018IMG-20180611-WA0016_redimensionar-300x169.jpg 300w\" sizes=\"(max-width: 600px) 100vw, 600px\" \/><\/a>\n\t\t\t<\/div><\/figure><figure class='gallery-item'>\n\t\t\t<div class='gallery-icon landscape'>\n\t\t\t\t<a href='http:\/\/blogs.jesuitinaspamplona.org\/medap1\/wp-content\/uploads\/sites\/2\/2018\/06\/Presentaci\u00f3n-Ecoplan-1\u00ba-ESO-Jesuitinas-Junio-2018IMG-20180611-WA0015_redimensionar.jpg'><img width=\"600\" height=\"337\" src=\"http:\/\/blogs.jesuitinaspamplona.org\/medap1\/wp-content\/uploads\/sites\/2\/2018\/06\/Presentaci\u00f3n-Ecoplan-1\u00ba-ESO-Jesuitinas-Junio-2018IMG-20180611-WA0015_redimensionar.jpg\" class=\"attachment-large size-large\" alt=\"\" loading=\"lazy\" srcset=\"http:\/\/blogs.jesuitinaspamplona.org\/medap1\/wp-content\/uploads\/sites\/2\/2018\/06\/Presentaci\u00f3n-Ecoplan-1\u00ba-ESO-Jesuitinas-Junio-2018IMG-20180611-WA0015_redimensionar.jpg 600w, http:\/\/blogs.jesuitinaspamplona.org\/medap1\/wp-content\/uploads\/sites\/2\/2018\/06\/Presentaci\u00f3n-Ecoplan-1\u00ba-ESO-Jesuitinas-Junio-2018IMG-20180611-WA0015_redimensionar-300x169.jpg 300w\" sizes=\"(max-width: 600px) 100vw, 600px\" \/><\/a>\n\t\t\t<\/div><\/figure><figure class='gallery-item'>\n\t\t\t<div class='gallery-icon portrait'>\n\t\t\t\t<a href='http:\/\/blogs.jesuitinaspamplona.org\/medap1\/wp-content\/uploads\/sites\/2\/2018\/06\/Presentaci\u00f3n-Ecoplan-1\u00ba-ESO-Jesuitinas-Junio-2018IMG-20180611-WA0012_redimensionar.jpg'><img width=\"225\" height=\"400\" src=\"http:\/\/blogs.jesuitinaspamplona.org\/medap1\/wp-content\/uploads\/sites\/2\/2018\/06\/Presentaci\u00f3n-Ecoplan-1\u00ba-ESO-Jesuitinas-Junio-2018IMG-20180611-WA0012_redimensionar.jpg\" class=\"attachment-large size-large\" alt=\"\" loading=\"lazy\" srcset=\"http:\/\/blogs.jesuitinaspamplona.org\/medap1\/wp-content\/uploads\/sites\/2\/2018\/06\/Presentaci\u00f3n-Ecoplan-1\u00ba-ESO-Jesuitinas-Junio-2018IMG-20180611-WA0012_redimensionar.jpg 225w, http:\/\/blogs.jesuitinaspamplona.org\/medap1\/wp-content\/uploads\/sites\/2\/2018\/06\/Presentaci\u00f3n-Ecoplan-1\u00ba-ESO-Jesuitinas-Junio-2018IMG-20180611-WA0012_redimensionar-169x300.jpg 169w\" sizes=\"(max-width: 225px) 100vw, 225px\" \/><\/a>\n\t\t\t<\/div><\/figure><figure class='gallery-item'>\n\t\t\t<div class='gallery-icon landscape'>\n\t\t\t\t<a href='http:\/\/blogs.jesuitinaspamplona.org\/medap1\/wp-content\/uploads\/sites\/2\/2018\/06\/Presentaci\u00f3n-Ecoplan-1\u00ba-ESO-Jesuitinas-Junio-2018IMG-20180611-WA0018_redimensionar.jpg'><img width=\"600\" height=\"337\" src=\"http:\/\/blogs.jesuitinaspamplona.org\/medap1\/wp-content\/uploads\/sites\/2\/2018\/06\/Presentaci\u00f3n-Ecoplan-1\u00ba-ESO-Jesuitinas-Junio-2018IMG-20180611-WA0018_redimensionar.jpg\" class=\"attachment-large size-large\" alt=\"\" loading=\"lazy\" srcset=\"http:\/\/blogs.jesuitinaspamplona.org\/medap1\/wp-content\/uploads\/sites\/2\/2018\/06\/Presentaci\u00f3n-Ecoplan-1\u00ba-ESO-Jesuitinas-Junio-2018IMG-20180611-WA0018_redimensionar.jpg 600w, http:\/\/blogs.jesuitinaspamplona.org\/medap1\/wp-content\/uploads\/sites\/2\/2018\/06\/Presentaci\u00f3n-Ecoplan-1\u00ba-ESO-Jesuitinas-Junio-2018IMG-20180611-WA0018_redimensionar-300x169.jpg 300w\" sizes=\"(max-width: 600px) 100vw, 600px\" \/><\/a>\n\t\t\t<\/div><\/figure>\n\t\t<\/div>\n\n<p>En 1\u00ba MEDAP, ECOPLAN ha sido un programa desarrollado en tres fases, en las que hicimos una ecoauditor\u00eda del Colegio. Analizamos la gesti\u00f3n de los residuos, la situaci\u00f3n del entorno escolar, el nivel de reciclado, la gesti\u00f3n de compras y tipos de materiales&#8230;\u00a0Tras el an\u00e1lisis, nos pusimos a la acci\u00f3n, dise\u00f1ando y ejecutando varias acciones con las que mejorar el entorno y los residuos en nuestro Colegio.\u00a0\u00a0<a href=\"http:\/\/blogs.jesuitinaspamplona.org\/medap1\/ecoplan-analisis-creatividad-compromiso-mejorar-entorno\/\" target=\"_blank\" rel=\"noopener\"><strong>As\u00ed lo recogimos en esta entrada de nuestro blog.\u00a0<\/strong><\/a><\/p>\n<p>En este v\u00eddeo recogimos algunas de las propuestas y acciones que realizamos:<\/p>\n<p><iframe loading=\"lazy\" title=\"Ecoplan en Jesuitinas Pamplona: propuestas de publicidad para concienciar\" width=\"1200\" height=\"675\" src=\"https:\/\/www.youtube.com\/embed\/HsOJ5BQkc1M?feature=oembed\" frameborder=\"0\" allow=\"accelerometer; autoplay; clipboard-write; encrypted-media; gyroscope; picture-in-picture; web-share\" allowfullscreen><\/iframe><\/p>\n<p>&nbsp;<\/p>\n","protected":false},"excerpt":{"rendered":"<p>Ayer, en el Bat\u00e1n de Villava tuvo lugar el encuentro intercolegial en el que alumnos representantes de cada centro presentaron y expusieron todo lo trabajado en el Programa ECOPLAN, promovido por la Mancomunidad de la Comarca de Pamplona a trav\u00e9s del programa MANCOEDUCA. Un grupo de representantes de 1\u00ba ESO intervino en un acto organizado &#8230; <a title=\"El Bat\u00e1n de Villava, sede de la presentaci\u00f3n del Proyecto ECOPLAN ante los responsables de Mancoeduca.\" class=\"read-more\" href=\"http:\/\/blogs.jesuitinaspamplona.org\/medap1\/batan-villava-sede-la-presentacion-del-proyecto-ecoplan-ante-los-responsables-mancoeduca\/\" aria-label=\"M\u00e1s en El Bat\u00e1n de Villava, sede de la presentaci\u00f3n del Proyecto ECOPLAN ante los responsables de Mancoeduca.\">Leer m\u00e1s<\/a><\/p>\n","protected":false},"author":3,"featured_media":830,"comment_status":"open","ping_status":"open","sticky":false,"template":"","format":"standard","meta":{"_monsterinsights_skip_tracking":false,"_monsterinsights_sitenote_active":false,"_monsterinsights_sitenote_note":"","_monsterinsights_sitenote_category":0},"categories":[104,37,38],"tags":[118,120,119],"yoast_head":"<!-- This site is optimized with the Yoast SEO plugin v17.8 - https:\/\/yoast.com\/wordpress\/plugins\/seo\/ -->\n<title>El Bat\u00e1n de Villava, sede de la presentaci\u00f3n del Proyecto ECOPLAN ante los responsables de Mancoeduca. - MEDAP 1<\/title>\n<meta name=\"robots\" content=\"index, follow, max-snippet:-1, max-image-preview:large, max-video-preview:-1\" \/>\n<link rel=\"canonical\" href=\"http:\/\/blogs.jesuitinaspamplona.org\/medap1\/batan-villava-sede-la-presentacion-del-proyecto-ecoplan-ante-los-responsables-mancoeduca\/\" \/>\n<meta property=\"og:locale\" content=\"es_ES\" \/>\n<meta property=\"og:type\" content=\"article\" \/>\n<meta property=\"og:title\" content=\"El Bat\u00e1n de Villava, sede de la presentaci\u00f3n del Proyecto ECOPLAN ante los responsables de Mancoeduca. - MEDAP 1\" \/>\n<meta property=\"og:description\" content=\"Ayer, en el Bat\u00e1n de Villava tuvo lugar el encuentro intercolegial en el que alumnos representantes de cada centro presentaron y expusieron todo lo trabajado en el Programa ECOPLAN, promovido por la Mancomunidad de la Comarca de Pamplona a trav\u00e9s del programa MANCOEDUCA. Un grupo de representantes de 1\u00ba ESO intervino en un acto organizado ... Leer m\u00e1s\" \/>\n<meta property=\"og:url\" content=\"http:\/\/blogs.jesuitinaspamplona.org\/medap1\/batan-villava-sede-la-presentacion-del-proyecto-ecoplan-ante-los-responsables-mancoeduca\/\" \/>\n<meta property=\"og:site_name\" content=\"MEDAP 1\" \/>\n<meta property=\"article:published_time\" content=\"2018-06-12T07:57:24+00:00\" \/>\n<meta property=\"article:modified_time\" content=\"2018-07-03T08:04:14+00:00\" \/>\n<meta property=\"og:image\" content=\"http:\/\/blogs.jesuitinaspamplona.org\/medap1\/wp-content\/uploads\/sites\/2\/2018\/06\/Presentaci\u00f3n-Ecoplan-1\u00ba-ESO-Jesuitinas-Junio-2018IMG-20180611-WA0012_redimensionar.jpg\" \/>\n\t<meta property=\"og:image:width\" content=\"225\" \/>\n\t<meta property=\"og:image:height\" content=\"400\" \/>\n<meta name=\"twitter:card\" content=\"summary\" \/>\n<meta name=\"twitter:label1\" content=\"Escrito por\" \/>\n\t<meta name=\"twitter:data1\" content=\"Profesores de Proyectos\" \/>\n\t<meta name=\"twitter:label2\" content=\"Tiempo de lectura\" \/>\n\t<meta name=\"twitter:data2\" content=\"1 minuto\" \/>\n<script type=\"application\/ld+json\" class=\"yoast-schema-graph\">{\"@context\":\"https:\/\/schema.org\",\"@graph\":[{\"@type\":\"WebSite\",\"@id\":\"http:\/\/blogs.jesuitinaspamplona.org\/medap1\/#website\",\"url\":\"http:\/\/blogs.jesuitinaspamplona.org\/medap1\/\",\"name\":\"MEDAP 1\",\"description\":\"Blog MEDAP 1 ESO\",\"potentialAction\":[{\"@type\":\"SearchAction\",\"target\":{\"@type\":\"EntryPoint\",\"urlTemplate\":\"http:\/\/blogs.jesuitinaspamplona.org\/medap1\/?s={search_term_string}\"},\"query-input\":\"required name=search_term_string\"}],\"inLanguage\":\"es\"},{\"@type\":\"ImageObject\",\"@id\":\"http:\/\/blogs.jesuitinaspamplona.org\/medap1\/batan-villava-sede-la-presentacion-del-proyecto-ecoplan-ante-los-responsables-mancoeduca\/#primaryimage\",\"inLanguage\":\"es\",\"url\":\"http:\/\/blogs.jesuitinaspamplona.org\/medap1\/wp-content\/uploads\/sites\/2\/2018\/06\/Presentaci\\u00f3n-Ecoplan-1\\u00ba-ESO-Jesuitinas-Junio-2018IMG-20180611-WA0012_redimensionar.jpg\",\"contentUrl\":\"http:\/\/blogs.jesuitinaspamplona.org\/medap1\/wp-content\/uploads\/sites\/2\/2018\/06\/Presentaci\\u00f3n-Ecoplan-1\\u00ba-ESO-Jesuitinas-Junio-2018IMG-20180611-WA0012_redimensionar.jpg\",\"width\":225,\"height\":400},{\"@type\":\"WebPage\",\"@id\":\"http:\/\/blogs.jesuitinaspamplona.org\/medap1\/batan-villava-sede-la-presentacion-del-proyecto-ecoplan-ante-los-responsables-mancoeduca\/#webpage\",\"url\":\"http:\/\/blogs.jesuitinaspamplona.org\/medap1\/batan-villava-sede-la-presentacion-del-proyecto-ecoplan-ante-los-responsables-mancoeduca\/\",\"name\":\"El Bat\\u00e1n de Villava, sede de la presentaci\\u00f3n del Proyecto ECOPLAN ante los responsables de Mancoeduca. - MEDAP 1\",\"isPartOf\":{\"@id\":\"http:\/\/blogs.jesuitinaspamplona.org\/medap1\/#website\"},\"primaryImageOfPage\":{\"@id\":\"http:\/\/blogs.jesuitinaspamplona.org\/medap1\/batan-villava-sede-la-presentacion-del-proyecto-ecoplan-ante-los-responsables-mancoeduca\/#primaryimage\"},\"datePublished\":\"2018-06-12T07:57:24+00:00\",\"dateModified\":\"2018-07-03T08:04:14+00:00\",\"author\":{\"@id\":\"http:\/\/blogs.jesuitinaspamplona.org\/medap1\/#\/schema\/person\/be1e864c7bd42c1fbfee39c3915275c9\"},\"breadcrumb\":{\"@id\":\"http:\/\/blogs.jesuitinaspamplona.org\/medap1\/batan-villava-sede-la-presentacion-del-proyecto-ecoplan-ante-los-responsables-mancoeduca\/#breadcrumb\"},\"inLanguage\":\"es\",\"potentialAction\":[{\"@type\":\"ReadAction\",\"target\":[\"http:\/\/blogs.jesuitinaspamplona.org\/medap1\/batan-villava-sede-la-presentacion-del-proyecto-ecoplan-ante-los-responsables-mancoeduca\/\"]}]},{\"@type\":\"BreadcrumbList\",\"@id\":\"http:\/\/blogs.jesuitinaspamplona.org\/medap1\/batan-villava-sede-la-presentacion-del-proyecto-ecoplan-ante-los-responsables-mancoeduca\/#breadcrumb\",\"itemListElement\":[{\"@type\":\"ListItem\",\"position\":1,\"name\":\"Portada\",\"item\":\"http:\/\/blogs.jesuitinaspamplona.org\/medap1\/\"},{\"@type\":\"ListItem\",\"position\":2,\"name\":\"El Bat\\u00e1n de Villava, sede de la presentaci\\u00f3n del Proyecto ECOPLAN ante los responsables de Mancoeduca.\"}]},{\"@type\":\"Person\",\"@id\":\"http:\/\/blogs.jesuitinaspamplona.org\/medap1\/#\/schema\/person\/be1e864c7bd42c1fbfee39c3915275c9\",\"name\":\"Profesores de Proyectos\",\"image\":{\"@type\":\"ImageObject\",\"@id\":\"http:\/\/blogs.jesuitinaspamplona.org\/medap1\/#personlogo\",\"inLanguage\":\"es\",\"url\":\"http:\/\/2.gravatar.com\/avatar\/2cbeb015b40a15bc00e84232a1e89512?s=96&d=mm&r=g\",\"contentUrl\":\"http:\/\/2.gravatar.com\/avatar\/2cbeb015b40a15bc00e84232a1e89512?s=96&d=mm&r=g\",\"caption\":\"Profesores de Proyectos\"},\"url\":\"http:\/\/blogs.jesuitinaspamplona.org\/medap1\/author\/pablo\/\"}]}<\/script>\n<!-- \/ Yoast SEO plugin. -->","yoast_head_json":{"title":"El Bat\u00e1n de Villava, sede de la presentaci\u00f3n del Proyecto ECOPLAN ante los responsables de Mancoeduca. - MEDAP 1","robots":{"index":"index","follow":"follow","max-snippet":"max-snippet:-1","max-image-preview":"max-image-preview:large","max-video-preview":"max-video-preview:-1"},"canonical":"http:\/\/blogs.jesuitinaspamplona.org\/medap1\/batan-villava-sede-la-presentacion-del-proyecto-ecoplan-ante-los-responsables-mancoeduca\/","og_locale":"es_ES","og_type":"article","og_title":"El Bat\u00e1n de Villava, sede de la presentaci\u00f3n del Proyecto ECOPLAN ante los responsables de Mancoeduca. - MEDAP 1","og_description":"Ayer, en el Bat\u00e1n de Villava tuvo lugar el encuentro intercolegial en el que alumnos representantes de cada centro presentaron y expusieron todo lo trabajado en el Programa ECOPLAN, promovido por la Mancomunidad de la Comarca de Pamplona a trav\u00e9s del programa MANCOEDUCA. Un grupo de representantes de 1\u00ba ESO intervino en un acto organizado ... Leer m\u00e1s","og_url":"http:\/\/blogs.jesuitinaspamplona.org\/medap1\/batan-villava-sede-la-presentacion-del-proyecto-ecoplan-ante-los-responsables-mancoeduca\/","og_site_name":"MEDAP 1","article_published_time":"2018-06-12T07:57:24+00:00","article_modified_time":"2018-07-03T08:04:14+00:00","og_image":[{"width":225,"height":400,"url":"http:\/\/blogs.jesuitinaspamplona.org\/medap1\/wp-content\/uploads\/sites\/2\/2018\/06\/Presentaci\u00f3n-Ecoplan-1\u00ba-ESO-Jesuitinas-Junio-2018IMG-20180611-WA0012_redimensionar.jpg","type":"image\/jpeg"}],"twitter_card":"summary","twitter_misc":{"Escrito por":"Profesores de Proyectos","Tiempo de lectura":"1 minuto"},"schema":{"@context":"https:\/\/schema.org","@graph":[{"@type":"WebSite","@id":"http:\/\/blogs.jesuitinaspamplona.org\/medap1\/#website","url":"http:\/\/blogs.jesuitinaspamplona.org\/medap1\/","name":"MEDAP 1","description":"Blog MEDAP 1 ESO","potentialAction":[{"@type":"SearchAction","target":{"@type":"EntryPoint","urlTemplate":"http:\/\/blogs.jesuitinaspamplona.org\/medap1\/?s={search_term_string}"},"query-input":"required name=search_term_string"}],"inLanguage":"es"},{"@type":"ImageObject","@id":"http:\/\/blogs.jesuitinaspamplona.org\/medap1\/batan-villava-sede-la-presentacion-del-proyecto-ecoplan-ante-los-responsables-mancoeduca\/#primaryimage","inLanguage":"es","url":"http:\/\/blogs.jesuitinaspamplona.org\/medap1\/wp-content\/uploads\/sites\/2\/2018\/06\/Presentaci\u00f3n-Ecoplan-1\u00ba-ESO-Jesuitinas-Junio-2018IMG-20180611-WA0012_redimensionar.jpg","contentUrl":"http:\/\/blogs.jesuitinaspamplona.org\/medap1\/wp-content\/uploads\/sites\/2\/2018\/06\/Presentaci\u00f3n-Ecoplan-1\u00ba-ESO-Jesuitinas-Junio-2018IMG-20180611-WA0012_redimensionar.jpg","width":225,"height":400},{"@type":"WebPage","@id":"http:\/\/blogs.jesuitinaspamplona.org\/medap1\/batan-villava-sede-la-presentacion-del-proyecto-ecoplan-ante-los-responsables-mancoeduca\/#webpage","url":"http:\/\/blogs.jesuitinaspamplona.org\/medap1\/batan-villava-sede-la-presentacion-del-proyecto-ecoplan-ante-los-responsables-mancoeduca\/","name":"El Bat\u00e1n de Villava, sede de la presentaci\u00f3n del Proyecto ECOPLAN ante los responsables de Mancoeduca. - MEDAP 1","isPartOf":{"@id":"http:\/\/blogs.jesuitinaspamplona.org\/medap1\/#website"},"primaryImageOfPage":{"@id":"http:\/\/blogs.jesuitinaspamplona.org\/medap1\/batan-villava-sede-la-presentacion-del-proyecto-ecoplan-ante-los-responsables-mancoeduca\/#primaryimage"},"datePublished":"2018-06-12T07:57:24+00:00","dateModified":"2018-07-03T08:04:14+00:00","author":{"@id":"http:\/\/blogs.jesuitinaspamplona.org\/medap1\/#\/schema\/person\/be1e864c7bd42c1fbfee39c3915275c9"},"breadcrumb":{"@id":"http:\/\/blogs.jesuitinaspamplona.org\/medap1\/batan-villava-sede-la-presentacion-del-proyecto-ecoplan-ante-los-responsables-mancoeduca\/#breadcrumb"},"inLanguage":"es","potentialAction":[{"@type":"ReadAction","target":["http:\/\/blogs.jesuitinaspamplona.org\/medap1\/batan-villava-sede-la-presentacion-del-proyecto-ecoplan-ante-los-responsables-mancoeduca\/"]}]},{"@type":"BreadcrumbList","@id":"http:\/\/blogs.jesuitinaspamplona.org\/medap1\/batan-villava-sede-la-presentacion-del-proyecto-ecoplan-ante-los-responsables-mancoeduca\/#breadcrumb","itemListElement":[{"@type":"ListItem","position":1,"name":"Portada","item":"http:\/\/blogs.jesuitinaspamplona.org\/medap1\/"},{"@type":"ListItem","position":2,"name":"El Bat\u00e1n de Villava, sede de la presentaci\u00f3n del Proyecto ECOPLAN ante los responsables de Mancoeduca."}]},{"@type":"Person","@id":"http:\/\/blogs.jesuitinaspamplona.org\/medap1\/#\/schema\/person\/be1e864c7bd42c1fbfee39c3915275c9","name":"Profesores de Proyectos","image":{"@type":"ImageObject","@id":"http:\/\/blogs.jesuitinaspamplona.org\/medap1\/#personlogo","inLanguage":"es","url":"http:\/\/2.gravatar.com\/avatar\/2cbeb015b40a15bc00e84232a1e89512?s=96&d=mm&r=g","contentUrl":"http:\/\/2.gravatar.com\/avatar\/2cbeb015b40a15bc00e84232a1e89512?s=96&d=mm&r=g","caption":"Profesores de Proyectos"},"url":"http:\/\/blogs.jesuitinaspamplona.org\/medap1\/author\/pablo\/"}]}},"_links":{"self":[{"href":"http:\/\/blogs.jesuitinaspamplona.org\/medap1\/wp-json\/wp\/v2\/posts\/807"}],"collection":[{"href":"http:\/\/blogs.jesuitinaspamplona.org\/medap1\/wp-json\/wp\/v2\/posts"}],"about":[{"href":"http:\/\/blogs.jesuitinaspamplona.org\/medap1\/wp-json\/wp\/v2\/types\/post"}],"author":[{"embeddable":true,"href":"http:\/\/blogs.jesuitinaspamplona.org\/medap1\/wp-json\/wp\/v2\/users\/3"}],"replies":[{"embeddable":true,"href":"http:\/\/blogs.jesuitinaspamplona.org\/medap1\/wp-json\/wp\/v2\/comments?post=807"}],"version-history":[{"count":6,"href":"http:\/\/blogs.jesuitinaspamplona.org\/medap1\/wp-json\/wp\/v2\/posts\/807\/revisions"}],"predecessor-version":[{"id":862,"href":"http:\/\/blogs.jesuitinaspamplona.org\/medap1\/wp-json\/wp\/v2\/posts\/807\/revisions\/862"}],"wp:featuredmedia":[{"embeddable":true,"href":"http:\/\/blogs.jesuitinaspamplona.org\/medap1\/wp-json\/wp\/v2\/media\/830"}],"wp:attachment":[{"href":"http:\/\/blogs.jesuitinaspamplona.org\/medap1\/wp-json\/wp\/v2\/media?parent=807"}],"wp:term":[{"taxonomy":"category","embeddable":true,"href":"http:\/\/blogs.jesuitinaspamplona.org\/medap1\/wp-json\/wp\/v2\/categories?post=807"},{"taxonomy":"post_tag","embeddable":true,"href":"http:\/\/blogs.jesuitinaspamplona.org\/medap1\/wp-json\/wp\/v2\/tags?post=807"}],"curies":[{"name":"wp","href":"https:\/\/api.w.org\/{rel}","templated":true}]}}