{"id":103,"date":"2017-09-14T14:03:15","date_gmt":"2017-09-14T12:03:15","guid":{"rendered":"http:\/\/blogs.jesuitinaspamplona.org\/medap2\/?p=103"},"modified":"2017-10-25T22:04:45","modified_gmt":"2017-10-25T20:04:45","slug":"decidete","status":"publish","type":"post","link":"http:\/\/blogs.jesuitinaspamplona.org\/medap2\/decidete\/","title":{"rendered":"\u00a1Dec\u00eddete!"},"content":{"rendered":"<p>Segundo a\u00f1o de MEDAP, segundo curso en la ESO, el a\u00f1o pasado dimos pasos importantes en nuestro compromiso con nuestro aprendizaje, con nuestro colegio y con nuestro entorno. Vivimos la experiencia de crecer con otros. Este a\u00f1o ha llegado el momento de decidirnos.<\/p>\n<p><iframe loading=\"lazy\" width=\"1200\" height=\"675\" src=\"https:\/\/www.youtube.com\/embed\/OcELt8_ABaI?feature=oembed\" frameborder=\"0\" gesture=\"media\" allowfullscreen><\/iframe><\/p>\n<p>&nbsp;<\/p>\n","protected":false},"excerpt":{"rendered":"<p>Segundo a\u00f1o de MEDAP, segundo curso en la ESO, el a\u00f1o pasado dimos pasos importantes en nuestro compromiso con nuestro aprendizaje, con nuestro colegio y con nuestro entorno. Vivimos la experiencia de crecer con otros. Este a\u00f1o ha llegado el momento de decidirnos. &nbsp;<\/p>\n","protected":false},"author":4,"featured_media":0,"comment_status":"open","ping_status":"open","sticky":false,"template":"","format":"standard","meta":{"_monsterinsights_skip_tracking":false,"_monsterinsights_sitenote_active":false,"_monsterinsights_sitenote_note":"","_monsterinsights_sitenote_category":0},"categories":[5],"tags":[7,6],"yoast_head":"<!-- This site is optimized with the Yoast SEO plugin v17.8 - https:\/\/yoast.com\/wordpress\/plugins\/seo\/ -->\n<title>\u00a1Dec\u00eddete! - MEDAP 2<\/title>\n<meta name=\"robots\" content=\"index, follow, max-snippet:-1, max-image-preview:large, max-video-preview:-1\" \/>\n<link rel=\"canonical\" href=\"http:\/\/blogs.jesuitinaspamplona.org\/medap2\/decidete\/\" \/>\n<meta property=\"og:locale\" content=\"es_ES\" \/>\n<meta property=\"og:type\" content=\"article\" \/>\n<meta property=\"og:title\" content=\"\u00a1Dec\u00eddete! - MEDAP 2\" \/>\n<meta property=\"og:description\" content=\"Segundo a\u00f1o de MEDAP, segundo curso en la ESO, el a\u00f1o pasado dimos pasos importantes en nuestro compromiso con nuestro aprendizaje, con nuestro colegio y con nuestro entorno. Vivimos la experiencia de crecer con otros. Este a\u00f1o ha llegado el momento de decidirnos. &nbsp;\" \/>\n<meta property=\"og:url\" content=\"http:\/\/blogs.jesuitinaspamplona.org\/medap2\/decidete\/\" \/>\n<meta property=\"og:site_name\" content=\"MEDAP 2\" \/>\n<meta property=\"article:published_time\" content=\"2017-09-14T12:03:15+00:00\" \/>\n<meta property=\"article:modified_time\" content=\"2017-10-25T20:04:45+00:00\" \/>\n<meta name=\"twitter:card\" content=\"summary\" \/>\n<meta name=\"twitter:label1\" content=\"Escrito por\" \/>\n\t<meta name=\"twitter:data1\" content=\"medap2\" \/>\n<script type=\"application\/ld+json\" class=\"yoast-schema-graph\">{\"@context\":\"https:\/\/schema.org\",\"@graph\":[{\"@type\":\"WebSite\",\"@id\":\"http:\/\/blogs.jesuitinaspamplona.org\/medap2\/#website\",\"url\":\"http:\/\/blogs.jesuitinaspamplona.org\/medap2\/\",\"name\":\"MEDAP 2\",\"description\":\"Blog MEDAP 2 ESO\",\"potentialAction\":[{\"@type\":\"SearchAction\",\"target\":{\"@type\":\"EntryPoint\",\"urlTemplate\":\"http:\/\/blogs.jesuitinaspamplona.org\/medap2\/?s={search_term_string}\"},\"query-input\":\"required name=search_term_string\"}],\"inLanguage\":\"es\"},{\"@type\":\"WebPage\",\"@id\":\"http:\/\/blogs.jesuitinaspamplona.org\/medap2\/decidete\/#webpage\",\"url\":\"http:\/\/blogs.jesuitinaspamplona.org\/medap2\/decidete\/\",\"name\":\"\\u00a1Dec\\u00eddete! - MEDAP 2\",\"isPartOf\":{\"@id\":\"http:\/\/blogs.jesuitinaspamplona.org\/medap2\/#website\"},\"datePublished\":\"2017-09-14T12:03:15+00:00\",\"dateModified\":\"2017-10-25T20:04:45+00:00\",\"author\":{\"@id\":\"http:\/\/blogs.jesuitinaspamplona.org\/medap2\/#\/schema\/person\/ac7000d7dd729df722ef7819b7ae977e\"},\"breadcrumb\":{\"@id\":\"http:\/\/blogs.jesuitinaspamplona.org\/medap2\/decidete\/#breadcrumb\"},\"inLanguage\":\"es\",\"potentialAction\":[{\"@type\":\"ReadAction\",\"target\":[\"http:\/\/blogs.jesuitinaspamplona.org\/medap2\/decidete\/\"]}]},{\"@type\":\"BreadcrumbList\",\"@id\":\"http:\/\/blogs.jesuitinaspamplona.org\/medap2\/decidete\/#breadcrumb\",\"itemListElement\":[{\"@type\":\"ListItem\",\"position\":1,\"name\":\"Portada\",\"item\":\"http:\/\/blogs.jesuitinaspamplona.org\/medap2\/\"},{\"@type\":\"ListItem\",\"position\":2,\"name\":\"\\u00a1Dec\\u00eddete!\"}]},{\"@type\":\"Person\",\"@id\":\"http:\/\/blogs.jesuitinaspamplona.org\/medap2\/#\/schema\/person\/ac7000d7dd729df722ef7819b7ae977e\",\"name\":\"medap2\",\"image\":{\"@type\":\"ImageObject\",\"@id\":\"http:\/\/blogs.jesuitinaspamplona.org\/medap2\/#personlogo\",\"inLanguage\":\"es\",\"url\":\"http:\/\/0.gravatar.com\/avatar\/c1eb23418f4f58bfb88d96cbc0964a3c?s=96&d=mm&r=g\",\"contentUrl\":\"http:\/\/0.gravatar.com\/avatar\/c1eb23418f4f58bfb88d96cbc0964a3c?s=96&d=mm&r=g\",\"caption\":\"medap2\"},\"url\":\"http:\/\/blogs.jesuitinaspamplona.org\/medap2\/author\/medap2\/\"}]}<\/script>\n<!-- \/ Yoast SEO plugin. -->","yoast_head_json":{"title":"\u00a1Dec\u00eddete! - MEDAP 2","robots":{"index":"index","follow":"follow","max-snippet":"max-snippet:-1","max-image-preview":"max-image-preview:large","max-video-preview":"max-video-preview:-1"},"canonical":"http:\/\/blogs.jesuitinaspamplona.org\/medap2\/decidete\/","og_locale":"es_ES","og_type":"article","og_title":"\u00a1Dec\u00eddete! - MEDAP 2","og_description":"Segundo a\u00f1o de MEDAP, segundo curso en la ESO, el a\u00f1o pasado dimos pasos importantes en nuestro compromiso con nuestro aprendizaje, con nuestro colegio y con nuestro entorno. Vivimos la experiencia de crecer con otros. Este a\u00f1o ha llegado el momento de decidirnos. &nbsp;","og_url":"http:\/\/blogs.jesuitinaspamplona.org\/medap2\/decidete\/","og_site_name":"MEDAP 2","article_published_time":"2017-09-14T12:03:15+00:00","article_modified_time":"2017-10-25T20:04:45+00:00","twitter_card":"summary","twitter_misc":{"Escrito por":"medap2"},"schema":{"@context":"https:\/\/schema.org","@graph":[{"@type":"WebSite","@id":"http:\/\/blogs.jesuitinaspamplona.org\/medap2\/#website","url":"http:\/\/blogs.jesuitinaspamplona.org\/medap2\/","name":"MEDAP 2","description":"Blog MEDAP 2 ESO","potentialAction":[{"@type":"SearchAction","target":{"@type":"EntryPoint","urlTemplate":"http:\/\/blogs.jesuitinaspamplona.org\/medap2\/?s={search_term_string}"},"query-input":"required name=search_term_string"}],"inLanguage":"es"},{"@type":"WebPage","@id":"http:\/\/blogs.jesuitinaspamplona.org\/medap2\/decidete\/#webpage","url":"http:\/\/blogs.jesuitinaspamplona.org\/medap2\/decidete\/","name":"\u00a1Dec\u00eddete! - MEDAP 2","isPartOf":{"@id":"http:\/\/blogs.jesuitinaspamplona.org\/medap2\/#website"},"datePublished":"2017-09-14T12:03:15+00:00","dateModified":"2017-10-25T20:04:45+00:00","author":{"@id":"http:\/\/blogs.jesuitinaspamplona.org\/medap2\/#\/schema\/person\/ac7000d7dd729df722ef7819b7ae977e"},"breadcrumb":{"@id":"http:\/\/blogs.jesuitinaspamplona.org\/medap2\/decidete\/#breadcrumb"},"inLanguage":"es","potentialAction":[{"@type":"ReadAction","target":["http:\/\/blogs.jesuitinaspamplona.org\/medap2\/decidete\/"]}]},{"@type":"BreadcrumbList","@id":"http:\/\/blogs.jesuitinaspamplona.org\/medap2\/decidete\/#breadcrumb","itemListElement":[{"@type":"ListItem","position":1,"name":"Portada","item":"http:\/\/blogs.jesuitinaspamplona.org\/medap2\/"},{"@type":"ListItem","position":2,"name":"\u00a1Dec\u00eddete!"}]},{"@type":"Person","@id":"http:\/\/blogs.jesuitinaspamplona.org\/medap2\/#\/schema\/person\/ac7000d7dd729df722ef7819b7ae977e","name":"medap2","image":{"@type":"ImageObject","@id":"http:\/\/blogs.jesuitinaspamplona.org\/medap2\/#personlogo","inLanguage":"es","url":"http:\/\/0.gravatar.com\/avatar\/c1eb23418f4f58bfb88d96cbc0964a3c?s=96&d=mm&r=g","contentUrl":"http:\/\/0.gravatar.com\/avatar\/c1eb23418f4f58bfb88d96cbc0964a3c?s=96&d=mm&r=g","caption":"medap2"},"url":"http:\/\/blogs.jesuitinaspamplona.org\/medap2\/author\/medap2\/"}]}},"_links":{"self":[{"href":"http:\/\/blogs.jesuitinaspamplona.org\/medap2\/wp-json\/wp\/v2\/posts\/103"}],"collection":[{"href":"http:\/\/blogs.jesuitinaspamplona.org\/medap2\/wp-json\/wp\/v2\/posts"}],"about":[{"href":"http:\/\/blogs.jesuitinaspamplona.org\/medap2\/wp-json\/wp\/v2\/types\/post"}],"author":[{"embeddable":true,"href":"http:\/\/blogs.jesuitinaspamplona.org\/medap2\/wp-json\/wp\/v2\/users\/4"}],"replies":[{"embeddable":true,"href":"http:\/\/blogs.jesuitinaspamplona.org\/medap2\/wp-json\/wp\/v2\/comments?post=103"}],"version-history":[{"count":1,"href":"http:\/\/blogs.jesuitinaspamplona.org\/medap2\/wp-json\/wp\/v2\/posts\/103\/revisions"}],"predecessor-version":[{"id":104,"href":"http:\/\/blogs.jesuitinaspamplona.org\/medap2\/wp-json\/wp\/v2\/posts\/103\/revisions\/104"}],"wp:attachment":[{"href":"http:\/\/blogs.jesuitinaspamplona.org\/medap2\/wp-json\/wp\/v2\/media?parent=103"}],"wp:term":[{"taxonomy":"category","embeddable":true,"href":"http:\/\/blogs.jesuitinaspamplona.org\/medap2\/wp-json\/wp\/v2\/categories?post=103"},{"taxonomy":"post_tag","embeddable":true,"href":"http:\/\/blogs.jesuitinaspamplona.org\/medap2\/wp-json\/wp\/v2\/tags?post=103"}],"curies":[{"name":"wp","href":"https:\/\/api.w.org\/{rel}","templated":true}]}}