{"id":105,"date":"2017-09-14T14:28:54","date_gmt":"2017-09-14T12:28:54","guid":{"rendered":"http:\/\/blogs.jesuitinaspamplona.org\/medap2\/?p=105"},"modified":"2017-10-25T22:04:20","modified_gmt":"2017-10-25T20:04:20","slug":"pura-vida","status":"publish","type":"post","link":"http:\/\/blogs.jesuitinaspamplona.org\/medap2\/pura-vida\/","title":{"rendered":"\u00a1\u00a1\u00a1Pura vida!!!"},"content":{"rendered":"<p>Este a\u00f1o hemos comenzado fuerte. Nada m\u00e1s y nada menos que con un peque\u00f1o festival de cine dedicado a la figura de I\u00f1aki Ochoa de Olza y al intento de recate que tuvo lugar en el Annapurna, un hecho que nos trasmite un mensaje universal sobre qu\u00e9 es la vida, la amistad, el compa\u00f1erismo, el trabajo en equipo. Ha sido una historia realmente inspiradora.<\/p>\n<p><iframe loading=\"lazy\" width=\"1200\" height=\"675\" src=\"https:\/\/www.youtube.com\/embed\/fhBDreJkDu8?feature=oembed\" frameborder=\"0\" gesture=\"media\" allowfullscreen><\/iframe><\/p>\n<p>Un momento muy emotivo ha sido el encuentro con Itziar, la realizadora de la pel\u00edcula.<\/p>\n<p>Os dejamos una transcripci\u00f3n \u00ablibre\u00bb de la respuesta que dio a nuestras preguntas.<\/p>\n<p><em><span style=\"font-weight: 400\">. \u00bfC\u00f3mo vivieron los protagonistas de la pel\u00edcula el documental?<\/span><\/em><\/p>\n<p><em><span style=\"font-weight: 400\">Hubo entrevistas previas, sobre todo en Navarra, donde se les entreg\u00f3 la medalla de oro al me\u0155ito deportivo y las entrevistas previas que no est\u00e1n publicadas, se derrumbaron de la emoci\u00f3n. En la pel\u00edcula salen enteros.<\/span><\/em><\/p>\n<p><em><span style=\"font-weight: 400\">. C\u00f3mo vivi\u00f3 el seguir los pasos de I\u00f1aki<\/span><\/em><\/p>\n<p><em><span style=\"font-weight: 400\">Fue incre\u00edble recorrer su camino, llevar el libro manuscrito de I\u00f1aki, \u201cun respeto, much\u00edsima responsabilidad porque es un trabajo que ven\u00eda de muchas personas que hab\u00edan depositado su confianza, mucho respeto por lo que quedaba por hacer, ilusi\u00f3n por las ganas de contarlo, de una manera bonita, clara y de una manera que llegue al mayor n\u00famero de personas posible\u201d.<\/span><\/em><\/p>\n<p><em><span style=\"font-weight: 400\">. \u00bfQu\u00e9 ocurri\u00f3 con I\u00f1aki, lo dejan arriba o lo rescataron?<\/span><\/em><\/p>\n<p><em><span style=\"font-weight: 400\">Muri\u00f3 aunque hicieron lo m\u00e1ximo posible. Salvaron a Horia. La segunda fase fue ver qu\u00e9 se hace con su cuerpo. SI hace falta poner un nuevo equipo para traerlo. La familia, su madre, decidi\u00f3 que por no poner en peligro a otras personas deciden dejarlo ah\u00ed.<\/span><\/em><\/p>\n<p><em>. \u00bfPor qu\u00e9 se eligi\u00f3 la historia de I\u00f1aki y no la de otra persona que hubiera muerto en el Himalaya?<\/em><\/p>\n<p><em><span style=\"font-weight: 400\">Vino una persona a la productora para hacer un v\u00eddeo homenaje para el evento que se celebr\u00f3 en Navarra a los ganadores. Hicieron un v\u00eddeo con el material que ten\u00edan. Conoc\u00edan ya el rescate y vieron que ten\u00edan material para contar una pel\u00edcula que ten\u00edan en mente desde hace tiempo: Una pel\u00edcula que ten\u00eda el mensaje de que en grupo nos hacemos fuertes, que en equipo somos m\u00e1s. 14 protagonistas dedicando tiempo y su propia vida para intentar salvar a alguien. Una persona con una forma de ser merecedora de ser puesta en valor\u2026 Era algo muy potente y se decidieron a hacer una pel\u00edcula. Estudiaron el costo en dinero, en tiempo. Un punto de valor era que era de Navarra. Todo el planeta representado, quer\u00edan compartirlo con todo el mundo.<\/span><\/em><\/p>\n<p><em>. Hacer el rodaje qu\u00e9 sentimiento le transmiti\u00f3.<\/em><\/p>\n<p><em><span style=\"font-weight: 400\">La pel\u00edcula se hace en tres fases: preoproducci\u00f3n, producci\u00f3n y posproducci\u00f3n. Lo m\u00e1s importante fue la prepoducci\u00f3n emocional. Sabe que se va a encontrar con situaciones muy emotivas. Es algo para lo que hay que prepararse. En el momento te cuentan historias tan profundas y tan cercanas que en te llega a bloquear. Cuando hizo la vuelta a casa aprendi\u00f3 que se hab\u00eda transformado gracias a lo que hab\u00eda compartido con los dem\u00e1s. Cada vez m\u00e1s enamorada de las personas y de su capacidad. Se transform\u00f3 en su llamada a transformar las cosas, a vivirlas plenamente. Con muchos pocos se hace tanto\u2026 Todos fueron importantes, hasta el que llevaba el tel\u00e9fono sat\u00e9lite\u2026<\/span><\/em><\/p>\n<p><em>. \u00bfC\u00f3mo ten\u00eda tantos amigos en tantas partes del mundo estando tan lejos?<\/em><\/p>\n<p><em><span style=\"font-weight: 400\">Denis Urubko \u00a0dice \u201cno somos un mundo, somos una monta\u00f1a\u201d. En el campo base de toda su vida de alpinista hab\u00eda convivido estrechamente con gente de muchos pa\u00edses. Tiene compa\u00f1eros de cordada de todo el mundo. Seamos de donde seamos, si tenemos un objetivo com\u00fan podemos sumar para poder hacer algo muy potente.Si un amigo est\u00e1 en apuros lo importante es dejar todo y ayudarle. Aunque parezca que tienes cosas que parecen muy urgentes.<\/span><\/em><\/p>\n<p><em>. \u00bfDe qu\u00e9 muri\u00f3?<\/em><\/p>\n<p><em><span style=\"font-weight: 400\">A esas alturas la atenci\u00f3n que pone alguien en su cuerpo es extrema. Hay que beber 5 libros, comer 5.000 calor\u00edas, cualquier herida, cualquier dolor se puede complicar. La falta de ox\u00edgeno extrema todo.<\/span><\/em><\/p>\n<p><em>. El t\u00edtulo por qu\u00e9 es diferente en cada idioma<\/em><\/p>\n<p><em><span style=\"font-weight: 400\">Pura vida en castellano tiene un sentido, pero en ingl\u00e9s tiene otro.<\/span><\/em><\/p>\n<p><em>. Preguntan sobre Ueli Steck, que es el que estuvo hasta el momento de su muerte.<\/em><\/p>\n<p><em><span style=\"font-weight: 400\">Muri\u00f3 haciendo lo que le gustaba. Era un hombre muy organizado, con un a\u00f1o vista ya le dio cita para tres d\u00edas. Ten\u00eda todo apuntado, su tiempo de entrenamiento\u2026 Gracias a su organizaci\u00f3n fue el \u00faltimo que se qued\u00f3 all\u00ed, tuvo la entereza de dejarlo, de explicar a la familia\u2026 Hac\u00eda escalada libre. No usaba cuerdas, escalaba solo con piolet y crampones. Muri\u00f3 en la cascada de hielo.<\/span><\/em><\/p>\n<p><em>. Preguntan sobre Alexei, que tambi\u00e9n muri\u00f3.<\/em><\/p>\n<p><em><span style=\"font-weight: 400\">Alexei ten\u00eda un equilibrio mental, corporal, emocional. Sab\u00eda estar en equilibrio. Pero en un momento se desequilibr\u00f3 y cay\u00f3.Muri\u00f3 en la cascada de hielo despu\u00e9s del campo base del Everest.<\/span><\/em><\/p>\n<p><em>. \u00bfQu\u00e9 le ha supuesto?<\/em><\/p>\n<p><em><span style=\"font-weight: 400\">Como productora le motivaba un trabajo con tantas personas en tantos pa\u00edses y poner en conocimiento cosas que si no nadie conoce. Ser el altavoz. Una pel\u00edcula con sentido, con valor. Una historia importante para compartir.<\/span><\/em><\/p>\n<p>&nbsp;<\/p>\n","protected":false},"excerpt":{"rendered":"<p>Este a\u00f1o hemos comenzado fuerte. Nada m\u00e1s y nada menos que con un peque\u00f1o festival de cine dedicado a la figura de I\u00f1aki Ochoa de Olza y al intento de recate que tuvo lugar en el Annapurna, un hecho que nos trasmite un mensaje universal sobre qu\u00e9 es la vida, la amistad, el compa\u00f1erismo, el &#8230; <a title=\"\u00a1\u00a1\u00a1Pura vida!!!\" class=\"read-more\" href=\"http:\/\/blogs.jesuitinaspamplona.org\/medap2\/pura-vida\/\" aria-label=\"M\u00e1s en \u00a1\u00a1\u00a1Pura vida!!!\">Leer m\u00e1s<\/a><\/p>\n","protected":false},"author":4,"featured_media":0,"comment_status":"open","ping_status":"open","sticky":false,"template":"","format":"standard","meta":{"_monsterinsights_skip_tracking":false,"_monsterinsights_sitenote_active":false,"_monsterinsights_sitenote_note":"","_monsterinsights_sitenote_category":0},"categories":[5,10,1],"tags":[8],"yoast_head":"<!-- This site is optimized with the Yoast SEO plugin v17.8 - https:\/\/yoast.com\/wordpress\/plugins\/seo\/ -->\n<title>\u00a1\u00a1\u00a1Pura vida!!! - MEDAP 2<\/title>\n<meta name=\"robots\" content=\"index, follow, max-snippet:-1, max-image-preview:large, max-video-preview:-1\" \/>\n<link rel=\"canonical\" href=\"http:\/\/blogs.jesuitinaspamplona.org\/medap2\/pura-vida\/\" \/>\n<meta property=\"og:locale\" content=\"es_ES\" \/>\n<meta property=\"og:type\" content=\"article\" \/>\n<meta property=\"og:title\" content=\"\u00a1\u00a1\u00a1Pura vida!!! - MEDAP 2\" \/>\n<meta property=\"og:description\" content=\"Este a\u00f1o hemos comenzado fuerte. Nada m\u00e1s y nada menos que con un peque\u00f1o festival de cine dedicado a la figura de I\u00f1aki Ochoa de Olza y al intento de recate que tuvo lugar en el Annapurna, un hecho que nos trasmite un mensaje universal sobre qu\u00e9 es la vida, la amistad, el compa\u00f1erismo, el ... Leer m\u00e1s\" \/>\n<meta property=\"og:url\" content=\"http:\/\/blogs.jesuitinaspamplona.org\/medap2\/pura-vida\/\" \/>\n<meta property=\"og:site_name\" content=\"MEDAP 2\" \/>\n<meta property=\"article:published_time\" content=\"2017-09-14T12:28:54+00:00\" \/>\n<meta property=\"article:modified_time\" content=\"2017-10-25T20:04:20+00:00\" \/>\n<meta name=\"twitter:card\" content=\"summary\" \/>\n<meta name=\"twitter:label1\" content=\"Escrito por\" \/>\n\t<meta name=\"twitter:data1\" content=\"medap2\" \/>\n\t<meta name=\"twitter:label2\" content=\"Tiempo de lectura\" \/>\n\t<meta name=\"twitter:data2\" content=\"5 minutos\" \/>\n<script type=\"application\/ld+json\" class=\"yoast-schema-graph\">{\"@context\":\"https:\/\/schema.org\",\"@graph\":[{\"@type\":\"WebSite\",\"@id\":\"http:\/\/blogs.jesuitinaspamplona.org\/medap2\/#website\",\"url\":\"http:\/\/blogs.jesuitinaspamplona.org\/medap2\/\",\"name\":\"MEDAP 2\",\"description\":\"Blog MEDAP 2 ESO\",\"potentialAction\":[{\"@type\":\"SearchAction\",\"target\":{\"@type\":\"EntryPoint\",\"urlTemplate\":\"http:\/\/blogs.jesuitinaspamplona.org\/medap2\/?s={search_term_string}\"},\"query-input\":\"required name=search_term_string\"}],\"inLanguage\":\"es\"},{\"@type\":\"WebPage\",\"@id\":\"http:\/\/blogs.jesuitinaspamplona.org\/medap2\/pura-vida\/#webpage\",\"url\":\"http:\/\/blogs.jesuitinaspamplona.org\/medap2\/pura-vida\/\",\"name\":\"\\u00a1\\u00a1\\u00a1Pura vida!!! - MEDAP 2\",\"isPartOf\":{\"@id\":\"http:\/\/blogs.jesuitinaspamplona.org\/medap2\/#website\"},\"datePublished\":\"2017-09-14T12:28:54+00:00\",\"dateModified\":\"2017-10-25T20:04:20+00:00\",\"author\":{\"@id\":\"http:\/\/blogs.jesuitinaspamplona.org\/medap2\/#\/schema\/person\/ac7000d7dd729df722ef7819b7ae977e\"},\"breadcrumb\":{\"@id\":\"http:\/\/blogs.jesuitinaspamplona.org\/medap2\/pura-vida\/#breadcrumb\"},\"inLanguage\":\"es\",\"potentialAction\":[{\"@type\":\"ReadAction\",\"target\":[\"http:\/\/blogs.jesuitinaspamplona.org\/medap2\/pura-vida\/\"]}]},{\"@type\":\"BreadcrumbList\",\"@id\":\"http:\/\/blogs.jesuitinaspamplona.org\/medap2\/pura-vida\/#breadcrumb\",\"itemListElement\":[{\"@type\":\"ListItem\",\"position\":1,\"name\":\"Portada\",\"item\":\"http:\/\/blogs.jesuitinaspamplona.org\/medap2\/\"},{\"@type\":\"ListItem\",\"position\":2,\"name\":\"\\u00a1\\u00a1\\u00a1Pura vida!!!\"}]},{\"@type\":\"Person\",\"@id\":\"http:\/\/blogs.jesuitinaspamplona.org\/medap2\/#\/schema\/person\/ac7000d7dd729df722ef7819b7ae977e\",\"name\":\"medap2\",\"image\":{\"@type\":\"ImageObject\",\"@id\":\"http:\/\/blogs.jesuitinaspamplona.org\/medap2\/#personlogo\",\"inLanguage\":\"es\",\"url\":\"http:\/\/0.gravatar.com\/avatar\/c1eb23418f4f58bfb88d96cbc0964a3c?s=96&d=mm&r=g\",\"contentUrl\":\"http:\/\/0.gravatar.com\/avatar\/c1eb23418f4f58bfb88d96cbc0964a3c?s=96&d=mm&r=g\",\"caption\":\"medap2\"},\"url\":\"http:\/\/blogs.jesuitinaspamplona.org\/medap2\/author\/medap2\/\"}]}<\/script>\n<!-- \/ Yoast SEO plugin. -->","yoast_head_json":{"title":"\u00a1\u00a1\u00a1Pura vida!!! - MEDAP 2","robots":{"index":"index","follow":"follow","max-snippet":"max-snippet:-1","max-image-preview":"max-image-preview:large","max-video-preview":"max-video-preview:-1"},"canonical":"http:\/\/blogs.jesuitinaspamplona.org\/medap2\/pura-vida\/","og_locale":"es_ES","og_type":"article","og_title":"\u00a1\u00a1\u00a1Pura vida!!! - MEDAP 2","og_description":"Este a\u00f1o hemos comenzado fuerte. Nada m\u00e1s y nada menos que con un peque\u00f1o festival de cine dedicado a la figura de I\u00f1aki Ochoa de Olza y al intento de recate que tuvo lugar en el Annapurna, un hecho que nos trasmite un mensaje universal sobre qu\u00e9 es la vida, la amistad, el compa\u00f1erismo, el ... Leer m\u00e1s","og_url":"http:\/\/blogs.jesuitinaspamplona.org\/medap2\/pura-vida\/","og_site_name":"MEDAP 2","article_published_time":"2017-09-14T12:28:54+00:00","article_modified_time":"2017-10-25T20:04:20+00:00","twitter_card":"summary","twitter_misc":{"Escrito por":"medap2","Tiempo de lectura":"5 minutos"},"schema":{"@context":"https:\/\/schema.org","@graph":[{"@type":"WebSite","@id":"http:\/\/blogs.jesuitinaspamplona.org\/medap2\/#website","url":"http:\/\/blogs.jesuitinaspamplona.org\/medap2\/","name":"MEDAP 2","description":"Blog MEDAP 2 ESO","potentialAction":[{"@type":"SearchAction","target":{"@type":"EntryPoint","urlTemplate":"http:\/\/blogs.jesuitinaspamplona.org\/medap2\/?s={search_term_string}"},"query-input":"required name=search_term_string"}],"inLanguage":"es"},{"@type":"WebPage","@id":"http:\/\/blogs.jesuitinaspamplona.org\/medap2\/pura-vida\/#webpage","url":"http:\/\/blogs.jesuitinaspamplona.org\/medap2\/pura-vida\/","name":"\u00a1\u00a1\u00a1Pura vida!!! - MEDAP 2","isPartOf":{"@id":"http:\/\/blogs.jesuitinaspamplona.org\/medap2\/#website"},"datePublished":"2017-09-14T12:28:54+00:00","dateModified":"2017-10-25T20:04:20+00:00","author":{"@id":"http:\/\/blogs.jesuitinaspamplona.org\/medap2\/#\/schema\/person\/ac7000d7dd729df722ef7819b7ae977e"},"breadcrumb":{"@id":"http:\/\/blogs.jesuitinaspamplona.org\/medap2\/pura-vida\/#breadcrumb"},"inLanguage":"es","potentialAction":[{"@type":"ReadAction","target":["http:\/\/blogs.jesuitinaspamplona.org\/medap2\/pura-vida\/"]}]},{"@type":"BreadcrumbList","@id":"http:\/\/blogs.jesuitinaspamplona.org\/medap2\/pura-vida\/#breadcrumb","itemListElement":[{"@type":"ListItem","position":1,"name":"Portada","item":"http:\/\/blogs.jesuitinaspamplona.org\/medap2\/"},{"@type":"ListItem","position":2,"name":"\u00a1\u00a1\u00a1Pura vida!!!"}]},{"@type":"Person","@id":"http:\/\/blogs.jesuitinaspamplona.org\/medap2\/#\/schema\/person\/ac7000d7dd729df722ef7819b7ae977e","name":"medap2","image":{"@type":"ImageObject","@id":"http:\/\/blogs.jesuitinaspamplona.org\/medap2\/#personlogo","inLanguage":"es","url":"http:\/\/0.gravatar.com\/avatar\/c1eb23418f4f58bfb88d96cbc0964a3c?s=96&d=mm&r=g","contentUrl":"http:\/\/0.gravatar.com\/avatar\/c1eb23418f4f58bfb88d96cbc0964a3c?s=96&d=mm&r=g","caption":"medap2"},"url":"http:\/\/blogs.jesuitinaspamplona.org\/medap2\/author\/medap2\/"}]}},"_links":{"self":[{"href":"http:\/\/blogs.jesuitinaspamplona.org\/medap2\/wp-json\/wp\/v2\/posts\/105"}],"collection":[{"href":"http:\/\/blogs.jesuitinaspamplona.org\/medap2\/wp-json\/wp\/v2\/posts"}],"about":[{"href":"http:\/\/blogs.jesuitinaspamplona.org\/medap2\/wp-json\/wp\/v2\/types\/post"}],"author":[{"embeddable":true,"href":"http:\/\/blogs.jesuitinaspamplona.org\/medap2\/wp-json\/wp\/v2\/users\/4"}],"replies":[{"embeddable":true,"href":"http:\/\/blogs.jesuitinaspamplona.org\/medap2\/wp-json\/wp\/v2\/comments?post=105"}],"version-history":[{"count":1,"href":"http:\/\/blogs.jesuitinaspamplona.org\/medap2\/wp-json\/wp\/v2\/posts\/105\/revisions"}],"predecessor-version":[{"id":112,"href":"http:\/\/blogs.jesuitinaspamplona.org\/medap2\/wp-json\/wp\/v2\/posts\/105\/revisions\/112"}],"wp:attachment":[{"href":"http:\/\/blogs.jesuitinaspamplona.org\/medap2\/wp-json\/wp\/v2\/media?parent=105"}],"wp:term":[{"taxonomy":"category","embeddable":true,"href":"http:\/\/blogs.jesuitinaspamplona.org\/medap2\/wp-json\/wp\/v2\/categories?post=105"},{"taxonomy":"post_tag","embeddable":true,"href":"http:\/\/blogs.jesuitinaspamplona.org\/medap2\/wp-json\/wp\/v2\/tags?post=105"}],"curies":[{"name":"wp","href":"https:\/\/api.w.org\/{rel}","templated":true}]}}