{"id":883,"date":"2018-11-11T19:58:10","date_gmt":"2018-11-11T18:58:10","guid":{"rendered":"http:\/\/blogs.jesuitinaspamplona.org\/medap3eso\/?p=883"},"modified":"2018-11-13T20:16:01","modified_gmt":"2018-11-13T19:16:01","slug":"primeros-proyectos-con-la-metodologia-abp-en-3o-eso","status":"publish","type":"post","link":"http:\/\/blogs.jesuitinaspamplona.org\/medap3eso\/primeros-proyectos-con-la-metodologia-abp-en-3o-eso\/","title":{"rendered":"Primeros proyectos con la metodolog\u00eda ABP en 3\u00ba ESO"},"content":{"rendered":"<p>Pasados los primeros meses de curso, la <strong>metodolog\u00eda de Aprendizaje Basado en Problemas (ABP) ya est\u00e1 plenamente implantada en 3\u00ba ESO<\/strong>. Los proyectos se agrupan en torno a tres \u00e1mbitos: Socioling\u00fc\u00edstico, Cient\u00edfico y Art\u00edstico. Por su parte, el \u00e1mbito de Proyecto Vital agrupa contenidos y competencias de la asignatura de religi\u00f3n y de tutor\u00eda.<\/p>\n<p>El desarrollo de los ABP consta siempre de una fase de <strong>presentaci\u00f3n del proyecto<\/strong>, que busca sugerir una b\u00fasqueda, una respuesta, un reto\u2026 continuado con una fase de <strong>conocimiento<\/strong>. Terminadas estas fases, llega la fase clave:<strong> la fase de reto<\/strong> , en la que el alumnado debe responder a un problema concreto, o una serie de preguntas que buscan poner el aprendizaje en contexto y fomentar la curiosidad y la investigaci\u00f3n, cuidando las fases de una buena investigaci\u00f3n, en clave de m\u00e9todo cient\u00edfico.<\/p>\n<p><img loading=\"lazy\" class=\"alignnone size-medium wp-image-889\" src=\"http:\/\/blogs.jesuitinaspamplona.org\/medap3eso\/wp-content\/uploads\/sites\/8\/2018\/11\/ABP-C1-Materia-moleculas-y-atomos-3\u00ba-MEDAP_Lectura-para-reto_1_redimensionar-300x225.jpg\" alt=\"\" width=\"300\" height=\"225\" srcset=\"http:\/\/blogs.jesuitinaspamplona.org\/medap3eso\/wp-content\/uploads\/sites\/8\/2018\/11\/ABP-C1-Materia-moleculas-y-atomos-3\u00ba-MEDAP_Lectura-para-reto_1_redimensionar-300x225.jpg 300w, http:\/\/blogs.jesuitinaspamplona.org\/medap3eso\/wp-content\/uploads\/sites\/8\/2018\/11\/ABP-C1-Materia-moleculas-y-atomos-3\u00ba-MEDAP_Lectura-para-reto_1_redimensionar.jpg 533w\" sizes=\"(max-width: 300px) 100vw, 300px\" \/> <img loading=\"lazy\" class=\"alignnone size-medium wp-image-890\" src=\"http:\/\/blogs.jesuitinaspamplona.org\/medap3eso\/wp-content\/uploads\/sites\/8\/2018\/11\/ABP-C1-Materia-moleculas-y-atomos-3\u00ba-MEDAP_Lectura-para-reto_3_redimensionar-225x300.jpg\" alt=\"\" width=\"225\" height=\"300\" srcset=\"http:\/\/blogs.jesuitinaspamplona.org\/medap3eso\/wp-content\/uploads\/sites\/8\/2018\/11\/ABP-C1-Materia-moleculas-y-atomos-3\u00ba-MEDAP_Lectura-para-reto_3_redimensionar-225x300.jpg 225w, http:\/\/blogs.jesuitinaspamplona.org\/medap3eso\/wp-content\/uploads\/sites\/8\/2018\/11\/ABP-C1-Materia-moleculas-y-atomos-3\u00ba-MEDAP_Lectura-para-reto_3_redimensionar.jpg 300w\" sizes=\"(max-width: 225px) 100vw, 225px\" \/> <img loading=\"lazy\" class=\"alignnone size-medium wp-image-891\" src=\"http:\/\/blogs.jesuitinaspamplona.org\/medap3eso\/wp-content\/uploads\/sites\/8\/2018\/11\/ABP-C1-Materia-moleculas-y-atomos-3\u00ba-MEDAP_Lectura-para-reto_5_redimensionar-300x296.jpg\" alt=\"\" width=\"300\" height=\"296\" srcset=\"http:\/\/blogs.jesuitinaspamplona.org\/medap3eso\/wp-content\/uploads\/sites\/8\/2018\/11\/ABP-C1-Materia-moleculas-y-atomos-3\u00ba-MEDAP_Lectura-para-reto_5_redimensionar-300x296.jpg 300w, http:\/\/blogs.jesuitinaspamplona.org\/medap3eso\/wp-content\/uploads\/sites\/8\/2018\/11\/ABP-C1-Materia-moleculas-y-atomos-3\u00ba-MEDAP_Lectura-para-reto_5_redimensionar.jpg 406w\" sizes=\"(max-width: 300px) 100vw, 300px\" \/> <img loading=\"lazy\" class=\"alignnone size-medium wp-image-892\" src=\"http:\/\/blogs.jesuitinaspamplona.org\/medap3eso\/wp-content\/uploads\/sites\/8\/2018\/11\/ABP-C1-Materia-moleculas-y-atomos-3\u00ba-MEDAP_Lectura-para-reto_8_redimensionar-300x225.jpg\" alt=\"\" width=\"300\" height=\"225\" srcset=\"http:\/\/blogs.jesuitinaspamplona.org\/medap3eso\/wp-content\/uploads\/sites\/8\/2018\/11\/ABP-C1-Materia-moleculas-y-atomos-3\u00ba-MEDAP_Lectura-para-reto_8_redimensionar-300x225.jpg 300w, http:\/\/blogs.jesuitinaspamplona.org\/medap3eso\/wp-content\/uploads\/sites\/8\/2018\/11\/ABP-C1-Materia-moleculas-y-atomos-3\u00ba-MEDAP_Lectura-para-reto_8_redimensionar.jpg 533w\" sizes=\"(max-width: 300px) 100vw, 300px\" \/><\/p>\n<p>En el<strong> \u00e1mbito socioling\u00fc\u00edstico<\/strong>, que re\u00fane contenidos de Geograf\u00eda e Historia, Lengua y Literatura, dedicamos un primer ABP a conocer el nacimiento de la Edad Moderna: vimos el Humanismo y los cambios sociales y culturales que identifican el Renacimiento. El segundo ABP lo hemos dedicado a conocer el surgimiento de la monarqu\u00eda con los Reyes Cat\u00f3licos y los grandes descubrimientos de la \u00e9poca.<\/p>\n<p><img loading=\"lazy\" class=\"alignnone size-medium wp-image-887\" src=\"http:\/\/blogs.jesuitinaspamplona.org\/medap3eso\/wp-content\/uploads\/sites\/8\/2018\/11\/ABPs-en-3\u00ba-ESO-MEDAP-Jesuitinas-Pamplona-primer-trimestre_141106_redimensionar-300x225.jpg\" alt=\"\" width=\"300\" height=\"225\" srcset=\"http:\/\/blogs.jesuitinaspamplona.org\/medap3eso\/wp-content\/uploads\/sites\/8\/2018\/11\/ABPs-en-3\u00ba-ESO-MEDAP-Jesuitinas-Pamplona-primer-trimestre_141106_redimensionar-300x225.jpg 300w, http:\/\/blogs.jesuitinaspamplona.org\/medap3eso\/wp-content\/uploads\/sites\/8\/2018\/11\/ABPs-en-3\u00ba-ESO-MEDAP-Jesuitinas-Pamplona-primer-trimestre_141106_redimensionar.jpg 533w\" sizes=\"(max-width: 300px) 100vw, 300px\" \/> <img loading=\"lazy\" class=\"alignnone size-medium wp-image-888\" src=\"http:\/\/blogs.jesuitinaspamplona.org\/medap3eso\/wp-content\/uploads\/sites\/8\/2018\/11\/ABPs-en-3\u00ba-ESO-MEDAP-Jesuitinas-Pamplona-primer-trimestre_141109_redimensionar-300x225.jpg\" alt=\"\" width=\"300\" height=\"225\" srcset=\"http:\/\/blogs.jesuitinaspamplona.org\/medap3eso\/wp-content\/uploads\/sites\/8\/2018\/11\/ABPs-en-3\u00ba-ESO-MEDAP-Jesuitinas-Pamplona-primer-trimestre_141109_redimensionar-300x225.jpg 300w, http:\/\/blogs.jesuitinaspamplona.org\/medap3eso\/wp-content\/uploads\/sites\/8\/2018\/11\/ABPs-en-3\u00ba-ESO-MEDAP-Jesuitinas-Pamplona-primer-trimestre_141109_redimensionar.jpg 533w\" sizes=\"(max-width: 300px) 100vw, 300px\" \/><\/p>\n<p>Los <strong>ABP del \u00e1mbito cient\u00edfico<\/strong>, que agrupan contenidos de ciencias naturales (biolog\u00eda, f\u00edsica, qu\u00edmica) han desarrollado desde \u00a0la composici\u00f3n de la materia, los elementos qu\u00edmicos y sus relaciones.\u00a0 Y en el segundo se han tratado los imperativos biol\u00f3gicos y la estructura de los seres vivos.<\/p>\n<p>En esta galer\u00eda se ven algunas muestras del trabajo de estos abp. A modo de ejemplo, se ha trabajado en la fabricaci\u00f3n de esquemas de las diferentes tipos de mol\u00e9culas:<\/p>\n<div id='gallery-1' class='gallery galleryid-883 gallery-columns-3 gallery-size-medium'><figure class='gallery-item'>\n\t\t\t<div class='gallery-icon landscape'>\n\t\t\t\t<a href='http:\/\/blogs.jesuitinaspamplona.org\/medap3eso\/primeros-proyectos-con-la-metodologia-abp-en-3o-eso\/abp-c1-materia-moleculas-y-atomos-3o-medap_102834_redimensionar\/#main'><img width=\"300\" height=\"225\" src=\"http:\/\/blogs.jesuitinaspamplona.org\/medap3eso\/wp-content\/uploads\/sites\/8\/2018\/11\/ABP-C1-Materia-moleculas-y-atomos-3\u00ba-MEDAP_102834_redimensionar-300x225.jpg\" class=\"attachment-medium size-medium\" alt=\"\" loading=\"lazy\" srcset=\"http:\/\/blogs.jesuitinaspamplona.org\/medap3eso\/wp-content\/uploads\/sites\/8\/2018\/11\/ABP-C1-Materia-moleculas-y-atomos-3\u00ba-MEDAP_102834_redimensionar-300x225.jpg 300w, http:\/\/blogs.jesuitinaspamplona.org\/medap3eso\/wp-content\/uploads\/sites\/8\/2018\/11\/ABP-C1-Materia-moleculas-y-atomos-3\u00ba-MEDAP_102834_redimensionar.jpg 533w\" sizes=\"(max-width: 300px) 100vw, 300px\" \/><\/a>\n\t\t\t<\/div><\/figure><figure class='gallery-item'>\n\t\t\t<div class='gallery-icon portrait'>\n\t\t\t\t<a href='http:\/\/blogs.jesuitinaspamplona.org\/medap3eso\/primeros-proyectos-con-la-metodologia-abp-en-3o-eso\/abp-c1-materia-moleculas-y-atomos-3o-medap_102830_redimensionar\/#main'><img width=\"225\" height=\"300\" src=\"http:\/\/blogs.jesuitinaspamplona.org\/medap3eso\/wp-content\/uploads\/sites\/8\/2018\/11\/ABP-C1-Materia-moleculas-y-atomos-3\u00ba-MEDAP_102830_redimensionar-225x300.jpg\" class=\"attachment-medium size-medium\" alt=\"\" loading=\"lazy\" srcset=\"http:\/\/blogs.jesuitinaspamplona.org\/medap3eso\/wp-content\/uploads\/sites\/8\/2018\/11\/ABP-C1-Materia-moleculas-y-atomos-3\u00ba-MEDAP_102830_redimensionar-225x300.jpg 225w, http:\/\/blogs.jesuitinaspamplona.org\/medap3eso\/wp-content\/uploads\/sites\/8\/2018\/11\/ABP-C1-Materia-moleculas-y-atomos-3\u00ba-MEDAP_102830_redimensionar.jpg 300w\" sizes=\"(max-width: 225px) 100vw, 225px\" \/><\/a>\n\t\t\t<\/div><\/figure><figure class='gallery-item'>\n\t\t\t<div class='gallery-icon landscape'>\n\t\t\t\t<a href='http:\/\/blogs.jesuitinaspamplona.org\/medap3eso\/primeros-proyectos-con-la-metodologia-abp-en-3o-eso\/abp-c1-materia-moleculas-y-atomos-3o-medap_102835_redimensionar\/#main'><img width=\"300\" height=\"225\" src=\"http:\/\/blogs.jesuitinaspamplona.org\/medap3eso\/wp-content\/uploads\/sites\/8\/2018\/11\/ABP-C1-Materia-moleculas-y-atomos-3\u00ba-MEDAP_102835_redimensionar-300x225.jpg\" class=\"attachment-medium size-medium\" alt=\"\" loading=\"lazy\" srcset=\"http:\/\/blogs.jesuitinaspamplona.org\/medap3eso\/wp-content\/uploads\/sites\/8\/2018\/11\/ABP-C1-Materia-moleculas-y-atomos-3\u00ba-MEDAP_102835_redimensionar-300x225.jpg 300w, http:\/\/blogs.jesuitinaspamplona.org\/medap3eso\/wp-content\/uploads\/sites\/8\/2018\/11\/ABP-C1-Materia-moleculas-y-atomos-3\u00ba-MEDAP_102835_redimensionar.jpg 533w\" sizes=\"(max-width: 300px) 100vw, 300px\" \/><\/a>\n\t\t\t<\/div><\/figure><figure class='gallery-item'>\n\t\t\t<div class='gallery-icon landscape'>\n\t\t\t\t<a href='http:\/\/blogs.jesuitinaspamplona.org\/medap3eso\/primeros-proyectos-con-la-metodologia-abp-en-3o-eso\/abp-c1-materia-moleculas-y-atomos-3o-medap_102843_redimensionar\/#main'><img width=\"300\" height=\"222\" src=\"http:\/\/blogs.jesuitinaspamplona.org\/medap3eso\/wp-content\/uploads\/sites\/8\/2018\/11\/ABP-C1-Materia-moleculas-y-atomos-3\u00ba-MEDAP_102843_redimensionar-300x222.jpg\" class=\"attachment-medium size-medium\" alt=\"\" loading=\"lazy\" srcset=\"http:\/\/blogs.jesuitinaspamplona.org\/medap3eso\/wp-content\/uploads\/sites\/8\/2018\/11\/ABP-C1-Materia-moleculas-y-atomos-3\u00ba-MEDAP_102843_redimensionar-300x222.jpg 300w, http:\/\/blogs.jesuitinaspamplona.org\/medap3eso\/wp-content\/uploads\/sites\/8\/2018\/11\/ABP-C1-Materia-moleculas-y-atomos-3\u00ba-MEDAP_102843_redimensionar.jpg 540w\" sizes=\"(max-width: 300px) 100vw, 300px\" \/><\/a>\n\t\t\t<\/div><\/figure><figure class='gallery-item'>\n\t\t\t<div class='gallery-icon landscape'>\n\t\t\t\t<a href='http:\/\/blogs.jesuitinaspamplona.org\/medap3eso\/primeros-proyectos-con-la-metodologia-abp-en-3o-eso\/abp-c1-materia-moleculas-y-atomos-3o-medap_102829_redimensionar\/#main'><img width=\"300\" height=\"225\" src=\"http:\/\/blogs.jesuitinaspamplona.org\/medap3eso\/wp-content\/uploads\/sites\/8\/2018\/11\/ABP-C1-Materia-moleculas-y-atomos-3\u00ba-MEDAP_102829_redimensionar-300x225.jpg\" class=\"attachment-medium size-medium\" alt=\"\" loading=\"lazy\" srcset=\"http:\/\/blogs.jesuitinaspamplona.org\/medap3eso\/wp-content\/uploads\/sites\/8\/2018\/11\/ABP-C1-Materia-moleculas-y-atomos-3\u00ba-MEDAP_102829_redimensionar-300x225.jpg 300w, http:\/\/blogs.jesuitinaspamplona.org\/medap3eso\/wp-content\/uploads\/sites\/8\/2018\/11\/ABP-C1-Materia-moleculas-y-atomos-3\u00ba-MEDAP_102829_redimensionar.jpg 533w\" sizes=\"(max-width: 300px) 100vw, 300px\" \/><\/a>\n\t\t\t<\/div><\/figure><figure class='gallery-item'>\n\t\t\t<div class='gallery-icon landscape'>\n\t\t\t\t<a href='http:\/\/blogs.jesuitinaspamplona.org\/medap3eso\/primeros-proyectos-con-la-metodologia-abp-en-3o-eso\/abp-c1-materia-moleculas-y-atomos-3o-medap_102841_redimensionar\/#main'><img width=\"300\" height=\"225\" src=\"http:\/\/blogs.jesuitinaspamplona.org\/medap3eso\/wp-content\/uploads\/sites\/8\/2018\/11\/ABP-C1-Materia-moleculas-y-atomos-3\u00ba-MEDAP_102841_redimensionar-300x225.jpg\" class=\"attachment-medium size-medium\" alt=\"\" loading=\"lazy\" srcset=\"http:\/\/blogs.jesuitinaspamplona.org\/medap3eso\/wp-content\/uploads\/sites\/8\/2018\/11\/ABP-C1-Materia-moleculas-y-atomos-3\u00ba-MEDAP_102841_redimensionar-300x225.jpg 300w, http:\/\/blogs.jesuitinaspamplona.org\/medap3eso\/wp-content\/uploads\/sites\/8\/2018\/11\/ABP-C1-Materia-moleculas-y-atomos-3\u00ba-MEDAP_102841_redimensionar.jpg 533w\" sizes=\"(max-width: 300px) 100vw, 300px\" \/><\/a>\n\t\t\t<\/div><\/figure><figure class='gallery-item'>\n\t\t\t<div class='gallery-icon landscape'>\n\t\t\t\t<a href='http:\/\/blogs.jesuitinaspamplona.org\/medap3eso\/primeros-proyectos-con-la-metodologia-abp-en-3o-eso\/abp-c1-materia-moleculas-y-atomos-3o-medap_lectura-para-reto_9_redimensionar\/#main'><img width=\"300\" height=\"222\" src=\"http:\/\/blogs.jesuitinaspamplona.org\/medap3eso\/wp-content\/uploads\/sites\/8\/2018\/11\/ABP-C1-Materia-moleculas-y-atomos-3\u00ba-MEDAP_Lectura-para-reto_9_redimensionar-300x222.jpg\" class=\"attachment-medium size-medium\" alt=\"\" loading=\"lazy\" srcset=\"http:\/\/blogs.jesuitinaspamplona.org\/medap3eso\/wp-content\/uploads\/sites\/8\/2018\/11\/ABP-C1-Materia-moleculas-y-atomos-3\u00ba-MEDAP_Lectura-para-reto_9_redimensionar-300x222.jpg 300w, http:\/\/blogs.jesuitinaspamplona.org\/medap3eso\/wp-content\/uploads\/sites\/8\/2018\/11\/ABP-C1-Materia-moleculas-y-atomos-3\u00ba-MEDAP_Lectura-para-reto_9_redimensionar.jpg 540w\" sizes=\"(max-width: 300px) 100vw, 300px\" \/><\/a>\n\t\t\t<\/div><\/figure><figure class='gallery-item'>\n\t\t\t<div class='gallery-icon landscape'>\n\t\t\t\t<a href='http:\/\/blogs.jesuitinaspamplona.org\/medap3eso\/primeros-proyectos-con-la-metodologia-abp-en-3o-eso\/abp-c1-materia-moleculas-y-atomos-3o-medap_102828_redimensionar\/#main'><img width=\"300\" height=\"225\" src=\"http:\/\/blogs.jesuitinaspamplona.org\/medap3eso\/wp-content\/uploads\/sites\/8\/2018\/11\/ABP-C1-Materia-moleculas-y-atomos-3\u00ba-MEDAP_102828_redimensionar-300x225.jpg\" class=\"attachment-medium size-medium\" alt=\"\" loading=\"lazy\" srcset=\"http:\/\/blogs.jesuitinaspamplona.org\/medap3eso\/wp-content\/uploads\/sites\/8\/2018\/11\/ABP-C1-Materia-moleculas-y-atomos-3\u00ba-MEDAP_102828_redimensionar-300x225.jpg 300w, http:\/\/blogs.jesuitinaspamplona.org\/medap3eso\/wp-content\/uploads\/sites\/8\/2018\/11\/ABP-C1-Materia-moleculas-y-atomos-3\u00ba-MEDAP_102828_redimensionar.jpg 533w\" sizes=\"(max-width: 300px) 100vw, 300px\" \/><\/a>\n\t\t\t<\/div><\/figure><figure class='gallery-item'>\n\t\t\t<div class='gallery-icon landscape'>\n\t\t\t\t<a href='http:\/\/blogs.jesuitinaspamplona.org\/medap3eso\/primeros-proyectos-con-la-metodologia-abp-en-3o-eso\/abp-c1-materia-moleculas-y-atomos-3o-medap_102839_redimensionar\/#main'><img width=\"300\" height=\"225\" src=\"http:\/\/blogs.jesuitinaspamplona.org\/medap3eso\/wp-content\/uploads\/sites\/8\/2018\/11\/ABP-C1-Materia-moleculas-y-atomos-3\u00ba-MEDAP_102839_redimensionar-300x225.jpg\" class=\"attachment-medium size-medium\" alt=\"\" loading=\"lazy\" srcset=\"http:\/\/blogs.jesuitinaspamplona.org\/medap3eso\/wp-content\/uploads\/sites\/8\/2018\/11\/ABP-C1-Materia-moleculas-y-atomos-3\u00ba-MEDAP_102839_redimensionar-300x225.jpg 300w, http:\/\/blogs.jesuitinaspamplona.org\/medap3eso\/wp-content\/uploads\/sites\/8\/2018\/11\/ABP-C1-Materia-moleculas-y-atomos-3\u00ba-MEDAP_102839_redimensionar.jpg 533w\" sizes=\"(max-width: 300px) 100vw, 300px\" \/><\/a>\n\t\t\t<\/div><\/figure><figure class='gallery-item'>\n\t\t\t<div class='gallery-icon portrait'>\n\t\t\t\t<a href='http:\/\/blogs.jesuitinaspamplona.org\/medap3eso\/primeros-proyectos-con-la-metodologia-abp-en-3o-eso\/abp-c1-materia-moleculas-y-atomos-3o-medap_102831_redimensionar\/#main'><img width=\"225\" height=\"300\" src=\"http:\/\/blogs.jesuitinaspamplona.org\/medap3eso\/wp-content\/uploads\/sites\/8\/2018\/11\/ABP-C1-Materia-moleculas-y-atomos-3\u00ba-MEDAP_102831_redimensionar-225x300.jpg\" class=\"attachment-medium size-medium\" alt=\"\" loading=\"lazy\" srcset=\"http:\/\/blogs.jesuitinaspamplona.org\/medap3eso\/wp-content\/uploads\/sites\/8\/2018\/11\/ABP-C1-Materia-moleculas-y-atomos-3\u00ba-MEDAP_102831_redimensionar-225x300.jpg 225w, http:\/\/blogs.jesuitinaspamplona.org\/medap3eso\/wp-content\/uploads\/sites\/8\/2018\/11\/ABP-C1-Materia-moleculas-y-atomos-3\u00ba-MEDAP_102831_redimensionar.jpg 300w\" sizes=\"(max-width: 225px) 100vw, 225px\" \/><\/a>\n\t\t\t<\/div><\/figure><figure class='gallery-item'>\n\t\t\t<div class='gallery-icon portrait'>\n\t\t\t\t<a href='http:\/\/blogs.jesuitinaspamplona.org\/medap3eso\/primeros-proyectos-con-la-metodologia-abp-en-3o-eso\/abp-c1-materia-moleculas-y-atomos-3o-medap_102832_redimensionar\/#main'><img width=\"225\" height=\"300\" src=\"http:\/\/blogs.jesuitinaspamplona.org\/medap3eso\/wp-content\/uploads\/sites\/8\/2018\/11\/ABP-C1-Materia-moleculas-y-atomos-3\u00ba-MEDAP_102832_redimensionar-225x300.jpg\" class=\"attachment-medium size-medium\" alt=\"\" loading=\"lazy\" srcset=\"http:\/\/blogs.jesuitinaspamplona.org\/medap3eso\/wp-content\/uploads\/sites\/8\/2018\/11\/ABP-C1-Materia-moleculas-y-atomos-3\u00ba-MEDAP_102832_redimensionar-225x300.jpg 225w, http:\/\/blogs.jesuitinaspamplona.org\/medap3eso\/wp-content\/uploads\/sites\/8\/2018\/11\/ABP-C1-Materia-moleculas-y-atomos-3\u00ba-MEDAP_102832_redimensionar.jpg 300w\" sizes=\"(max-width: 225px) 100vw, 225px\" \/><\/a>\n\t\t\t<\/div><\/figure><figure class='gallery-item'>\n\t\t\t<div class='gallery-icon portrait'>\n\t\t\t\t<a href='http:\/\/blogs.jesuitinaspamplona.org\/medap3eso\/primeros-proyectos-con-la-metodologia-abp-en-3o-eso\/abp-c1-materia-moleculas-y-atomos-3o-medap_102838_redimensionar\/#main'><img width=\"225\" height=\"300\" src=\"http:\/\/blogs.jesuitinaspamplona.org\/medap3eso\/wp-content\/uploads\/sites\/8\/2018\/11\/ABP-C1-Materia-moleculas-y-atomos-3\u00ba-MEDAP_102838_redimensionar-225x300.jpg\" class=\"attachment-medium size-medium\" alt=\"\" loading=\"lazy\" srcset=\"http:\/\/blogs.jesuitinaspamplona.org\/medap3eso\/wp-content\/uploads\/sites\/8\/2018\/11\/ABP-C1-Materia-moleculas-y-atomos-3\u00ba-MEDAP_102838_redimensionar-225x300.jpg 225w, http:\/\/blogs.jesuitinaspamplona.org\/medap3eso\/wp-content\/uploads\/sites\/8\/2018\/11\/ABP-C1-Materia-moleculas-y-atomos-3\u00ba-MEDAP_102838_redimensionar.jpg 300w\" sizes=\"(max-width: 225px) 100vw, 225px\" \/><\/a>\n\t\t\t<\/div><\/figure><figure class='gallery-item'>\n\t\t\t<div class='gallery-icon landscape'>\n\t\t\t\t<a href='http:\/\/blogs.jesuitinaspamplona.org\/medap3eso\/primeros-proyectos-con-la-metodologia-abp-en-3o-eso\/abp-c1-materia-moleculas-y-atomos-3o-medap_102837_redimensionar\/#main'><img width=\"300\" height=\"225\" src=\"http:\/\/blogs.jesuitinaspamplona.org\/medap3eso\/wp-content\/uploads\/sites\/8\/2018\/11\/ABP-C1-Materia-moleculas-y-atomos-3\u00ba-MEDAP_102837_redimensionar-300x225.jpg\" class=\"attachment-medium size-medium\" alt=\"\" loading=\"lazy\" srcset=\"http:\/\/blogs.jesuitinaspamplona.org\/medap3eso\/wp-content\/uploads\/sites\/8\/2018\/11\/ABP-C1-Materia-moleculas-y-atomos-3\u00ba-MEDAP_102837_redimensionar-300x225.jpg 300w, http:\/\/blogs.jesuitinaspamplona.org\/medap3eso\/wp-content\/uploads\/sites\/8\/2018\/11\/ABP-C1-Materia-moleculas-y-atomos-3\u00ba-MEDAP_102837_redimensionar.jpg 533w\" sizes=\"(max-width: 300px) 100vw, 300px\" \/><\/a>\n\t\t\t<\/div><\/figure>\n\t\t<\/div>\n\n<p>En el <strong>\u00e1mbito art\u00edstico<\/strong>, se ha trabajado tanto la m\u00fasica como las expresiones art\u00edsticas del Renacimiento.<\/p>\n<p>En <strong>Proyecto Vital<\/strong> se est\u00e1 trabajando el proyecto personal vital, con una reflexi\u00f3n inicial sobre nuestras vidas y sue\u00f1os. Despu\u00e9s, se ha trabajado la historia del pueblo de Israel, as\u00ed como tutor\u00edas espec\u00edficas sobre la Madre C\u00e1ndida.<\/p>\n","protected":false},"excerpt":{"rendered":"<p>Pasados los primeros meses de curso, la metodolog\u00eda de Aprendizaje Basado en Problemas (ABP) ya est\u00e1 plenamente implantada en 3\u00ba ESO. Los proyectos se agrupan en torno a tres \u00e1mbitos: Socioling\u00fc\u00edstico, Cient\u00edfico y Art\u00edstico. Por su parte, el \u00e1mbito de Proyecto Vital agrupa contenidos y competencias de la asignatura de religi\u00f3n y de tutor\u00eda. El &#8230; <a title=\"Primeros proyectos con la metodolog\u00eda ABP en 3\u00ba ESO\" class=\"read-more\" href=\"http:\/\/blogs.jesuitinaspamplona.org\/medap3eso\/primeros-proyectos-con-la-metodologia-abp-en-3o-eso\/\" aria-label=\"M\u00e1s en Primeros proyectos con la metodolog\u00eda ABP en 3\u00ba ESO\">Leer m\u00e1s<\/a><\/p>\n","protected":false},"author":3,"featured_media":901,"comment_status":"open","ping_status":"open","sticky":false,"template":"","format":"standard","meta":{"_monsterinsights_skip_tracking":false,"_monsterinsights_sitenote_active":false,"_monsterinsights_sitenote_note":"","_monsterinsights_sitenote_category":0},"categories":[115,70,25],"tags":[121,126,125,124,127],"yoast_head":"<!-- This site is optimized with the Yoast SEO plugin v17.8 - https:\/\/yoast.com\/wordpress\/plugins\/seo\/ -->\n<title>Primeros proyectos con la metodolog\u00eda ABP en 3\u00ba ESO - MEDAP 3 ESO<\/title>\n<meta name=\"robots\" content=\"index, follow, max-snippet:-1, max-image-preview:large, max-video-preview:-1\" \/>\n<link rel=\"canonical\" href=\"http:\/\/blogs.jesuitinaspamplona.org\/medap3eso\/primeros-proyectos-con-la-metodologia-abp-en-3o-eso\/\" \/>\n<meta property=\"og:locale\" content=\"es_ES\" \/>\n<meta property=\"og:type\" content=\"article\" \/>\n<meta property=\"og:title\" content=\"Primeros proyectos con la metodolog\u00eda ABP en 3\u00ba ESO - MEDAP 3 ESO\" \/>\n<meta property=\"og:description\" content=\"Pasados los primeros meses de curso, la metodolog\u00eda de Aprendizaje Basado en Problemas (ABP) ya est\u00e1 plenamente implantada en 3\u00ba ESO. Los proyectos se agrupan en torno a tres \u00e1mbitos: Socioling\u00fc\u00edstico, Cient\u00edfico y Art\u00edstico. Por su parte, el \u00e1mbito de Proyecto Vital agrupa contenidos y competencias de la asignatura de religi\u00f3n y de tutor\u00eda. El ... Leer m\u00e1s\" \/>\n<meta property=\"og:url\" content=\"http:\/\/blogs.jesuitinaspamplona.org\/medap3eso\/primeros-proyectos-con-la-metodologia-abp-en-3o-eso\/\" \/>\n<meta property=\"og:site_name\" content=\"MEDAP 3 ESO\" \/>\n<meta property=\"article:published_time\" content=\"2018-11-11T18:58:10+00:00\" \/>\n<meta property=\"article:modified_time\" content=\"2018-11-13T19:16:01+00:00\" \/>\n<meta property=\"og:image\" content=\"http:\/\/blogs.jesuitinaspamplona.org\/medap3eso\/wp-content\/uploads\/sites\/8\/2018\/11\/ABP-C1-Materia-moleculas-y-atomos-3\u00ba-MEDAP_102838_redimensionar.jpg\" \/>\n\t<meta property=\"og:image:width\" content=\"300\" \/>\n\t<meta property=\"og:image:height\" content=\"400\" \/>\n<meta name=\"twitter:card\" content=\"summary\" \/>\n<meta name=\"twitter:label1\" content=\"Escrito por\" \/>\n\t<meta name=\"twitter:data1\" content=\"Profesores de Proyectos\" \/>\n\t<meta name=\"twitter:label2\" content=\"Tiempo de lectura\" \/>\n\t<meta name=\"twitter:data2\" content=\"2 minutos\" \/>\n<script type=\"application\/ld+json\" class=\"yoast-schema-graph\">{\"@context\":\"https:\/\/schema.org\",\"@graph\":[{\"@type\":\"WebSite\",\"@id\":\"http:\/\/blogs.jesuitinaspamplona.org\/medap3eso\/#website\",\"url\":\"http:\/\/blogs.jesuitinaspamplona.org\/medap3eso\/\",\"name\":\"MEDAP 3 ESO\",\"description\":\"Blog MEDAP 3 ESO\",\"potentialAction\":[{\"@type\":\"SearchAction\",\"target\":{\"@type\":\"EntryPoint\",\"urlTemplate\":\"http:\/\/blogs.jesuitinaspamplona.org\/medap3eso\/?s={search_term_string}\"},\"query-input\":\"required name=search_term_string\"}],\"inLanguage\":\"es\"},{\"@type\":\"ImageObject\",\"@id\":\"http:\/\/blogs.jesuitinaspamplona.org\/medap3eso\/primeros-proyectos-con-la-metodologia-abp-en-3o-eso\/#primaryimage\",\"inLanguage\":\"es\",\"url\":\"http:\/\/blogs.jesuitinaspamplona.org\/medap3eso\/wp-content\/uploads\/sites\/8\/2018\/11\/ABP-C1-Materia-moleculas-y-atomos-3\\u00ba-MEDAP_102838_redimensionar.jpg\",\"contentUrl\":\"http:\/\/blogs.jesuitinaspamplona.org\/medap3eso\/wp-content\/uploads\/sites\/8\/2018\/11\/ABP-C1-Materia-moleculas-y-atomos-3\\u00ba-MEDAP_102838_redimensionar.jpg\",\"width\":300,\"height\":400},{\"@type\":\"WebPage\",\"@id\":\"http:\/\/blogs.jesuitinaspamplona.org\/medap3eso\/primeros-proyectos-con-la-metodologia-abp-en-3o-eso\/#webpage\",\"url\":\"http:\/\/blogs.jesuitinaspamplona.org\/medap3eso\/primeros-proyectos-con-la-metodologia-abp-en-3o-eso\/\",\"name\":\"Primeros proyectos con la metodolog\\u00eda ABP en 3\\u00ba ESO - MEDAP 3 ESO\",\"isPartOf\":{\"@id\":\"http:\/\/blogs.jesuitinaspamplona.org\/medap3eso\/#website\"},\"primaryImageOfPage\":{\"@id\":\"http:\/\/blogs.jesuitinaspamplona.org\/medap3eso\/primeros-proyectos-con-la-metodologia-abp-en-3o-eso\/#primaryimage\"},\"datePublished\":\"2018-11-11T18:58:10+00:00\",\"dateModified\":\"2018-11-13T19:16:01+00:00\",\"author\":{\"@id\":\"http:\/\/blogs.jesuitinaspamplona.org\/medap3eso\/#\/schema\/person\/be1e864c7bd42c1fbfee39c3915275c9\"},\"breadcrumb\":{\"@id\":\"http:\/\/blogs.jesuitinaspamplona.org\/medap3eso\/primeros-proyectos-con-la-metodologia-abp-en-3o-eso\/#breadcrumb\"},\"inLanguage\":\"es\",\"potentialAction\":[{\"@type\":\"ReadAction\",\"target\":[\"http:\/\/blogs.jesuitinaspamplona.org\/medap3eso\/primeros-proyectos-con-la-metodologia-abp-en-3o-eso\/\"]}]},{\"@type\":\"BreadcrumbList\",\"@id\":\"http:\/\/blogs.jesuitinaspamplona.org\/medap3eso\/primeros-proyectos-con-la-metodologia-abp-en-3o-eso\/#breadcrumb\",\"itemListElement\":[{\"@type\":\"ListItem\",\"position\":1,\"name\":\"Portada\",\"item\":\"http:\/\/blogs.jesuitinaspamplona.org\/medap3eso\/\"},{\"@type\":\"ListItem\",\"position\":2,\"name\":\"Primeros proyectos con la metodolog\\u00eda ABP en 3\\u00ba ESO\"}]},{\"@type\":\"Person\",\"@id\":\"http:\/\/blogs.jesuitinaspamplona.org\/medap3eso\/#\/schema\/person\/be1e864c7bd42c1fbfee39c3915275c9\",\"name\":\"Profesores de Proyectos\",\"image\":{\"@type\":\"ImageObject\",\"@id\":\"http:\/\/blogs.jesuitinaspamplona.org\/medap3eso\/#personlogo\",\"inLanguage\":\"es\",\"url\":\"http:\/\/2.gravatar.com\/avatar\/2cbeb015b40a15bc00e84232a1e89512?s=96&d=mm&r=g\",\"contentUrl\":\"http:\/\/2.gravatar.com\/avatar\/2cbeb015b40a15bc00e84232a1e89512?s=96&d=mm&r=g\",\"caption\":\"Profesores de Proyectos\"},\"url\":\"http:\/\/blogs.jesuitinaspamplona.org\/medap3eso\/author\/pablo\/\"}]}<\/script>\n<!-- \/ Yoast SEO plugin. -->","yoast_head_json":{"title":"Primeros proyectos con la metodolog\u00eda ABP en 3\u00ba ESO - MEDAP 3 ESO","robots":{"index":"index","follow":"follow","max-snippet":"max-snippet:-1","max-image-preview":"max-image-preview:large","max-video-preview":"max-video-preview:-1"},"canonical":"http:\/\/blogs.jesuitinaspamplona.org\/medap3eso\/primeros-proyectos-con-la-metodologia-abp-en-3o-eso\/","og_locale":"es_ES","og_type":"article","og_title":"Primeros proyectos con la metodolog\u00eda ABP en 3\u00ba ESO - MEDAP 3 ESO","og_description":"Pasados los primeros meses de curso, la metodolog\u00eda de Aprendizaje Basado en Problemas (ABP) ya est\u00e1 plenamente implantada en 3\u00ba ESO. Los proyectos se agrupan en torno a tres \u00e1mbitos: Socioling\u00fc\u00edstico, Cient\u00edfico y Art\u00edstico. Por su parte, el \u00e1mbito de Proyecto Vital agrupa contenidos y competencias de la asignatura de religi\u00f3n y de tutor\u00eda. El ... Leer m\u00e1s","og_url":"http:\/\/blogs.jesuitinaspamplona.org\/medap3eso\/primeros-proyectos-con-la-metodologia-abp-en-3o-eso\/","og_site_name":"MEDAP 3 ESO","article_published_time":"2018-11-11T18:58:10+00:00","article_modified_time":"2018-11-13T19:16:01+00:00","og_image":[{"width":300,"height":400,"url":"http:\/\/blogs.jesuitinaspamplona.org\/medap3eso\/wp-content\/uploads\/sites\/8\/2018\/11\/ABP-C1-Materia-moleculas-y-atomos-3\u00ba-MEDAP_102838_redimensionar.jpg","type":"image\/jpeg"}],"twitter_card":"summary","twitter_misc":{"Escrito por":"Profesores de Proyectos","Tiempo de lectura":"2 minutos"},"schema":{"@context":"https:\/\/schema.org","@graph":[{"@type":"WebSite","@id":"http:\/\/blogs.jesuitinaspamplona.org\/medap3eso\/#website","url":"http:\/\/blogs.jesuitinaspamplona.org\/medap3eso\/","name":"MEDAP 3 ESO","description":"Blog MEDAP 3 ESO","potentialAction":[{"@type":"SearchAction","target":{"@type":"EntryPoint","urlTemplate":"http:\/\/blogs.jesuitinaspamplona.org\/medap3eso\/?s={search_term_string}"},"query-input":"required name=search_term_string"}],"inLanguage":"es"},{"@type":"ImageObject","@id":"http:\/\/blogs.jesuitinaspamplona.org\/medap3eso\/primeros-proyectos-con-la-metodologia-abp-en-3o-eso\/#primaryimage","inLanguage":"es","url":"http:\/\/blogs.jesuitinaspamplona.org\/medap3eso\/wp-content\/uploads\/sites\/8\/2018\/11\/ABP-C1-Materia-moleculas-y-atomos-3\u00ba-MEDAP_102838_redimensionar.jpg","contentUrl":"http:\/\/blogs.jesuitinaspamplona.org\/medap3eso\/wp-content\/uploads\/sites\/8\/2018\/11\/ABP-C1-Materia-moleculas-y-atomos-3\u00ba-MEDAP_102838_redimensionar.jpg","width":300,"height":400},{"@type":"WebPage","@id":"http:\/\/blogs.jesuitinaspamplona.org\/medap3eso\/primeros-proyectos-con-la-metodologia-abp-en-3o-eso\/#webpage","url":"http:\/\/blogs.jesuitinaspamplona.org\/medap3eso\/primeros-proyectos-con-la-metodologia-abp-en-3o-eso\/","name":"Primeros proyectos con la metodolog\u00eda ABP en 3\u00ba ESO - MEDAP 3 ESO","isPartOf":{"@id":"http:\/\/blogs.jesuitinaspamplona.org\/medap3eso\/#website"},"primaryImageOfPage":{"@id":"http:\/\/blogs.jesuitinaspamplona.org\/medap3eso\/primeros-proyectos-con-la-metodologia-abp-en-3o-eso\/#primaryimage"},"datePublished":"2018-11-11T18:58:10+00:00","dateModified":"2018-11-13T19:16:01+00:00","author":{"@id":"http:\/\/blogs.jesuitinaspamplona.org\/medap3eso\/#\/schema\/person\/be1e864c7bd42c1fbfee39c3915275c9"},"breadcrumb":{"@id":"http:\/\/blogs.jesuitinaspamplona.org\/medap3eso\/primeros-proyectos-con-la-metodologia-abp-en-3o-eso\/#breadcrumb"},"inLanguage":"es","potentialAction":[{"@type":"ReadAction","target":["http:\/\/blogs.jesuitinaspamplona.org\/medap3eso\/primeros-proyectos-con-la-metodologia-abp-en-3o-eso\/"]}]},{"@type":"BreadcrumbList","@id":"http:\/\/blogs.jesuitinaspamplona.org\/medap3eso\/primeros-proyectos-con-la-metodologia-abp-en-3o-eso\/#breadcrumb","itemListElement":[{"@type":"ListItem","position":1,"name":"Portada","item":"http:\/\/blogs.jesuitinaspamplona.org\/medap3eso\/"},{"@type":"ListItem","position":2,"name":"Primeros proyectos con la metodolog\u00eda ABP en 3\u00ba ESO"}]},{"@type":"Person","@id":"http:\/\/blogs.jesuitinaspamplona.org\/medap3eso\/#\/schema\/person\/be1e864c7bd42c1fbfee39c3915275c9","name":"Profesores de Proyectos","image":{"@type":"ImageObject","@id":"http:\/\/blogs.jesuitinaspamplona.org\/medap3eso\/#personlogo","inLanguage":"es","url":"http:\/\/2.gravatar.com\/avatar\/2cbeb015b40a15bc00e84232a1e89512?s=96&d=mm&r=g","contentUrl":"http:\/\/2.gravatar.com\/avatar\/2cbeb015b40a15bc00e84232a1e89512?s=96&d=mm&r=g","caption":"Profesores de Proyectos"},"url":"http:\/\/blogs.jesuitinaspamplona.org\/medap3eso\/author\/pablo\/"}]}},"_links":{"self":[{"href":"http:\/\/blogs.jesuitinaspamplona.org\/medap3eso\/wp-json\/wp\/v2\/posts\/883"}],"collection":[{"href":"http:\/\/blogs.jesuitinaspamplona.org\/medap3eso\/wp-json\/wp\/v2\/posts"}],"about":[{"href":"http:\/\/blogs.jesuitinaspamplona.org\/medap3eso\/wp-json\/wp\/v2\/types\/post"}],"author":[{"embeddable":true,"href":"http:\/\/blogs.jesuitinaspamplona.org\/medap3eso\/wp-json\/wp\/v2\/users\/3"}],"replies":[{"embeddable":true,"href":"http:\/\/blogs.jesuitinaspamplona.org\/medap3eso\/wp-json\/wp\/v2\/comments?post=883"}],"version-history":[{"count":2,"href":"http:\/\/blogs.jesuitinaspamplona.org\/medap3eso\/wp-json\/wp\/v2\/posts\/883\/revisions"}],"predecessor-version":[{"id":906,"href":"http:\/\/blogs.jesuitinaspamplona.org\/medap3eso\/wp-json\/wp\/v2\/posts\/883\/revisions\/906"}],"wp:featuredmedia":[{"embeddable":true,"href":"http:\/\/blogs.jesuitinaspamplona.org\/medap3eso\/wp-json\/wp\/v2\/media\/901"}],"wp:attachment":[{"href":"http:\/\/blogs.jesuitinaspamplona.org\/medap3eso\/wp-json\/wp\/v2\/media?parent=883"}],"wp:term":[{"taxonomy":"category","embeddable":true,"href":"http:\/\/blogs.jesuitinaspamplona.org\/medap3eso\/wp-json\/wp\/v2\/categories?post=883"},{"taxonomy":"post_tag","embeddable":true,"href":"http:\/\/blogs.jesuitinaspamplona.org\/medap3eso\/wp-json\/wp\/v2\/tags?post=883"}],"curies":[{"name":"wp","href":"https:\/\/api.w.org\/{rel}","templated":true}]}}